{"id":973,"date":"2009-03-02T21:31:25","date_gmt":"2009-03-02T19:31:25","guid":{"rendered":"http:\/\/www.lichtundgesundheit.de\/cyberlux\/?p=973"},"modified":"2010-09-30T21:34:52","modified_gmt":"2010-09-30T19:34:52","slug":"die-beleuchtung-von-arbeitsstatten-mit-tageslicht","status":"publish","type":"post","link":"http:\/\/www.lichtundgesundheit.de\/cyberlux\/?p=973","title":{"rendered":"Die Beleuchtung von Arbeitsst\u00e4tten mit Tageslicht"},"content":{"rendered":"<p style=\"margin: 0.0px 0.0px 0.0px 0.0px; font: 11.5px Arial;\"><span style=\"letter-spacing: 0.0px;\">Die <strong>Arbeitsst\u00e4ttenverordnung <\/strong>(ArbSt\u00e4ttV) legt die allgemeinen Anforderungen an die Beleuchtung von Arbeitsst\u00e4tten in Geb\u00e4uden fest. Die nachgeordneten <strong>Arbeitsst\u00e4ttenrichtlinien <\/strong>ASR 7\/1 und ASR 7\/3 enthalten Regeln, wie die Ma\u00dfgaben der Verordnung erf\u00fcllt werden k\u00f6nnen. Auch berufsgenossenschaftliche Vorschriften und Regelwerke besch\u00e4ftigen sich mit diesem Thema \u2013 bisher befassten sie sich fast ausschlie\u00dflich mit der k\u00fcnstlichen Beleuchtung von Arbeitsst\u00e4tten zur Erf\u00fcllung einer Sehaufgabe. Das Tageslicht und seine positiven Wirkungen blieben dabei meist unber\u00fccksichtigt. <\/span><\/p>\n<p style=\"margin: 0.0px 0.0px 6.0px 0.0px; font: 11.5px Arial;\"><span style=\"letter-spacing: 0.0px;\">Im Bereich Arbeitsschutz sind in Verbindung mit dem Gesetz \u00fcber die Durchf\u00fchrung von Ma\u00dfnahmen des Arbeitsschutzes zur Verbesserung der Sicherheit und des Gesundheitsschutzes der Besch\u00e4ftigten bei der Arbeit (Arbeitsschutzgesetz) zwei Verordnungen mit Bezug auf die nat\u00fcrliche Beleuchtung durch Tageslicht zu nennen: <\/span><\/p>\n<p style=\"margin: 0.0px 0.0px 6.0px 35.6px; text-align: justify; text-indent: -17.9px; font: 11.5px Arial;\"><span style=\"letter-spacing: 0.0px;\">\u2022 die <strong>Arbeitsst\u00e4ttenverordnung <\/strong>(ArbSt\u00e4ttV) und <\/span><\/p>\n<p style=\"margin: 0.0px 0.0px 6.0px 35.6px; text-align: justify; text-indent: -17.9px; font: 11.5px Arial;\"><span style=\"letter-spacing: 0.0px;\">\u2022 die <strong>Bildschirmarbeitsverordnung <\/strong>(BildscharbV). <\/span><\/p>\n<p style=\"margin: 0.0px 0.0px 0.0px 0.0px; font: 11.5px Arial; min-height: 12.0px;\"><span style=\"letter-spacing: 0.0px;\"> <\/span><\/p>\n<p style=\"margin: 0.0px 0.0px 0.0px 0.0px; font: 11.5px Arial;\"><span style=\"letter-spacing: 0.0px;\">Durch die neue Arbeitsst\u00e4ttenverordnung wurde im Jahre 2004 die Europ\u00e4ische Arbeitsst\u00e4ttenrichtlinie (89\/654\/EWG) in Deutschland in nationales Recht umgesetzt. Diese EU-Richtlinie regelt u. a. die Beleuchtung: <\/span><\/p>\n<p style=\"margin: 0.0px 0.0px 0.0px 36.0px; text-indent: -18.0px; font: 11.5px Arial;\"><span style=\"font: 8.0px Arial; letter-spacing: 0.0px;\">&#8211; <\/span><span style=\"letter-spacing: 0.0px;\">Arbeitsst\u00e4tten m\u00fcssen m\u00f6glichst ausreichend Tageslicht erhalten und <\/span><\/p>\n<p style=\"margin: 0.0px 0.0px 0.0px 36.0px; text-indent: -18.0px; font: 11.5px Arial;\"><span style=\"font: 8.0px Arial; letter-spacing: 0.0px;\">&#8211; <\/span><span style=\"letter-spacing: 0.0px;\">mit Einrichtungen f\u00fcr eine der Sicherheit und dem Gesundheitsschutz der Arbeitnehmer angemessene k\u00fcnstliche Beleuchtung ausgestattet sein. <\/span><\/p>\n<p style=\"margin: 0.0px 0.0px 0.0px 0.0px; font: 11.5px Arial; min-height: 12.0px;\"><span style=\"letter-spacing: 0.0px;\"> <\/span><\/p>\n<p style=\"margin: 0.0px 0.0px 0.0px 0.0px; font: 11.5px Arial;\"><span style=\"letter-spacing: 0.0px;\">Zudem m\u00fcssen Fenster, Oberlichter und Glasw\u00e4nde je nach Art der Arbeit und der Arbeitsst\u00e4tte eine Abschirmung gegen \u00fcberm\u00e4\u00dfige Sonneneinstrahlung erm\u00f6glichen. <\/span><\/p>\n<p style=\"margin: 0.0px 0.0px 0.0px 0.0px; font: 11.5px Arial;\"><span style=\"letter-spacing: 0.0px;\">Dieser grunds\u00e4tzliche Vorrang des Tageslichts bei der Arbeitsst\u00e4tten- bzw. Arbeitsplatzbeleuchtung wird nun durch die in 2006 ver\u00f6ffentlichte <strong>Berufgenossenschaftliche Regel 131 <\/strong>\u201eNat\u00fcrliche und k\u00fcnstliche Beleuchtung von Arbeitsst\u00e4tten\u201c konkretisiert und durch die\u00a0 <strong>Berufsgenossenschaftliche Information 7007 <\/strong>\u201eTageslicht am Arbeitsplatz\u201c mit Ausf\u00fchrungsbeispielen und Anwendungsbeschreibungen erg\u00e4nzt. Dieser Beitrag beschreibt die der BGI 7007 zu Grunde liegenden Zusammenh\u00e4nge zwischen dem Tageslicht und der Sehaufgabe bzw. seinen psychologischen und physiologischen Wirkungen auf den Menschen.<\/span><\/p>\n<p style=\"margin: 0.0px 0.0px 0.0px 0.0px; font: 11.5px Arial;\"><span style=\"letter-spacing: 0.0px;\"><br \/>\n<\/span><\/p>\n<p style=\"margin: 0.0px 0.0px 0.0px 0.0px; font: 11.5px Arial;\">\n<p style=\"margin: 0.0px 0.0px 0.0px 0.0px; font: 11.5px Arial;\"><span style=\"letter-spacing: 0.0px;\"><a href=\"http:\/\/www.lichtundgesundheit.de\/cyberlux\/wp-content\/uploads\/2010\/09\/Beleuchtung_von_Arbeitsstaetten_mit_Tageslicht.pdf\">Beleuchtung_von_Arbeitsstaetten_mit_Tageslicht<\/a><\/span><\/p>\n","protected":false},"excerpt":{"rendered":"<p>Die Arbeitsst\u00e4ttenverordnung (ArbSt\u00e4ttV) legt die allgemeinen Anforderungen an die Beleuchtung von Arbeitsst\u00e4tten in Geb\u00e4uden fest. Die nachgeordneten Arbeitsst\u00e4ttenrichtlinien ASR 7\/1 und ASR 7\/3 enthalten Regeln, wie die Ma\u00dfgaben der Verordnung erf\u00fcllt werden k\u00f6nnen. Auch berufsgenossenschaftliche Vorschriften und Regelwerke besch\u00e4ftigen sich mit <a href=\"http:\/\/www.lichtundgesundheit.de\/cyberlux\/?p=973\"> Read more&#8230;<\/a><\/p>\n","protected":false},"author":1,"featured_media":0,"comment_status":"open","ping_status":"open","sticky":false,"template":"","format":"standard","meta":{"footnotes":""},"categories":[196],"tags":[107,120],"class_list":["post-973","post","type-post","status-publish","format-standard","hentry","category-karriere","tag-ges","tag-sicherheit"],"_links":{"self":[{"href":"http:\/\/www.lichtundgesundheit.de\/cyberlux\/index.php?rest_route=\/wp\/v2\/posts\/973","targetHints":{"allow":["GET"]}}],"collection":[{"href":"http:\/\/www.lichtundgesundheit.de\/cyberlux\/index.php?rest_route=\/wp\/v2\/posts"}],"about":[{"href":"http:\/\/www.lichtundgesundheit.de\/cyberlux\/index.php?rest_route=\/wp\/v2\/types\/post"}],"author":[{"embeddable":true,"href":"http:\/\/www.lichtundgesundheit.de\/cyberlux\/index.php?rest_route=\/wp\/v2\/users\/1"}],"replies":[{"embeddable":true,"href":"http:\/\/www.lichtundgesundheit.de\/cyberlux\/index.php?rest_route=%2Fwp%2Fv2%2Fcomments&post=973"}],"version-history":[{"count":5,"href":"http:\/\/www.lichtundgesundheit.de\/cyberlux\/index.php?rest_route=\/wp\/v2\/posts\/973\/revisions"}],"predecessor-version":[{"id":978,"href":"http:\/\/www.lichtundgesundheit.de\/cyberlux\/index.php?rest_route=\/wp\/v2\/posts\/973\/revisions\/978"}],"wp:attachment":[{"href":"http:\/\/www.lichtundgesundheit.de\/cyberlux\/index.php?rest_route=%2Fwp%2Fv2%2Fmedia&parent=973"}],"wp:term":[{"taxonomy":"category","embeddable":true,"href":"http:\/\/www.lichtundgesundheit.de\/cyberlux\/index.php?rest_route=%2Fwp%2Fv2%2Fcategories&post=973"},{"taxonomy":"post_tag","embeddable":true,"href":"http:\/\/www.lichtundgesundheit.de\/cyberlux\/index.php?rest_route=%2Fwp%2Fv2%2Ftags&post=973"}],"curies":[{"name":"wp","href":"https:\/\/api.w.org\/{rel}","templated":true}]}}