{"id":738,"date":"2009-04-19T16:19:46","date_gmt":"2009-04-19T14:19:46","guid":{"rendered":"http:\/\/localhost:8888\/wordpress\/?p=738"},"modified":"2009-10-24T23:11:04","modified_gmt":"2009-10-24T21:11:04","slug":"beleuchtung-unter-dem-aspekt-der-gesundheitsvorsorge","status":"publish","type":"post","link":"http:\/\/www.lichtundgesundheit.de\/cyberlux\/?p=738","title":{"rendered":"Beleuchtung unter dem Aspekt der Gesundheitsvorsorge"},"content":{"rendered":"<h3>Autor<\/h3>\n<h2>Wolfgang Prahl<\/h2>\n<h3>Kurzfassung<\/h3>\n<p><span style=\"font-family: Arial,Helvetica,sans-serif;\">Beleuchtungsaspekte wurden bisher prim\u00e4r technisch, wirtschaftlich, physiologisch      gesehen (Sehleistung). Neuer Ansatz ist: Licht und damit die Beleuchtung haben      wichtige Aufgaben zur Gesundheitsvorsorge zu erf\u00fcllen. Dieser Aspekt      sollte erste Priorit\u00e4t haben und in Anforderungen an die Beleuchtung      pr\u00e4zisiert werden. Sollten nachrangig andere Aspekte h\u00f6here Anforderungen      ergeben, sind diese zu erf\u00fcllen, sind niedrigere Anforderungen aus produktionstechnischen      Gr\u00fcnden notwendig, sind geeignete Ausgleichsma\u00dfnahmen vorzusehen,      die die Gesundheitsvorsorge sicherstellen.<\/span><\/p>\n<p><span style=\"font-family: Arial,Helvetica,sans-serif;\">Beitrag als PDF V<a href=\"http:\/\/www.lichtundgesundheit.de\/cyberlux\/wp-content\/uploads\/2009\/10\/Prahlvortrag.pdf\">ortrag<\/a><\/span><\/p>\n<p><span style=\"font-family: Arial,Helvetica,sans-serif;\"><br \/>\n<\/span><\/p>\n<h2><span style=\"font-family: Arial,Helvetica,sans-serif;\">Beitrag<\/span><\/h2>\n<p><span style=\"font-family: Arial,Helvetica,sans-serif;\"><strong>1 Der Istzustand<br \/>\n<\/strong><br \/>\nIn heutigen Richtlinien, Vorschriften und Normen wird die Beleuchtung            in erster Linie unter den Aspekten Sehleistung, Wirtschaftlichkeit,            Produktivit\u00e4t betrachtet (Produktivit\u00e4tsbezogene Faktoren            P).<\/span><\/p>\n<p><span style=\"font-family: Arial,Helvetica,sans-serif;\">Beleuchtung ist Mittel zum            Zweck, Beleuchtung ist wichtiges Werkzeug f\u00fcr die Produktion. Nur            vereinzelt klingt ein Motiv an: Wohlbefinden des Menschen (Menschbezogene            Faktoren M).<\/span><\/p>\n<p><span style=\"font-family: Arial,Helvetica,sans-serif;\">Belege hierf\u00fcr sind            leicht zu finden, z.B. in DIN 5035 T1,<strong><br \/>\n<\/strong>Abschnitt 3.1:<br \/>\n<\/span><span style=\"font-family: Arial,Helvetica,sans-serif;\"> Die Beleuchtung beeinflusst durch ihre Qualit\u00e4t die Sehleistung            (P), die Aktivierung (P), die Arbeitssicherheit (P) und das Wohlbefinden            des Menschen (M).<strong><br \/>\n<\/strong>Oder in Abschnitt 4.3.1:<\/span><\/p>\n<p>Die Zuordnung der Nennbeleuchtungsst\u00e4rken En \u2026 zu bestimmten            T\u00e4tigkeiten \u2026 ber\u00fccksichtigt auch wirtschaftliche Gesichtspunkte            (P). Ein h\u00f6heres Beleuchtungsniveau bewirkt zwar h\u00f6here Gesamtkosten,            die jedoch durch steigende Produktivit\u00e4t (P) sowie geringere Unfallh\u00e4ufigkeit,            insbesondere von Bagatellunf\u00e4llen, mehr als aufgehoben werden k\u00f6nnen            \u2026<br \/>\n&#8222;Produktivit\u00e4tsfaktoren&#8220; P finden sich h\u00e4ufig, &#8222;menschbezogene&#8220;            Faktoren M sehr selten.<\/p>\n<p><span style=\"font-family: Arial,Helvetica,sans-serif;\"><br \/>\n<\/span><\/p>\n<p><span style=\"font-family: Arial,Helvetica,sans-serif;\"><strong>2 Der neue Ansatz<\/strong><\/span><\/p>\n<p>Beleuchtung unter dem Aspekt der Gesundheitsvorsorge<br \/>\nDie bisher \u00fcbliche Anschauung, dass das Licht am Arbeitsplatz nur            die Aufgabe hat, Unf\u00e4lle zu vermeiden und den Sehvorgang zu erm\u00f6glichen,            ist zu kurz gegriffen und erfasst den Menschen nicht in seiner Gesamtheit.<\/p>\n<p><span style=\"font-family: Arial,Helvetica,sans-serif;\">Insbesondere l\u00e4sst sich            mit dieser Betrachtungsweise der gesetzliche Auftrag der Berufsgenossenschaften,            &#8222;arbeitsbedingte Gesundheitsgefahren mit allen geeigneten Mitteln            zu verh\u00fcten&#8220;, nicht ausf\u00fcllen.<\/span><\/p>\n<p><span style=\"font-family: Arial,Helvetica,sans-serif;\">Wie Untersuchungen gezeigt            haben, hat das Licht einen gro\u00dfen Einfluss auf die Gesundheit            des Menschen.<\/span><\/p>\n<p><span style=\"font-family: Arial,Helvetica,sans-serif;\">Eine neue BG-Regel m\u00fcsste            daher das Ziel verfolgen, diese Erkenntnisse, soweit sie dem gesetzlichen            Auftrag der Berufsgenossenschaften dienen, umzusetzen. Entsprechende            \u00dcberlegungen werden im AK Lichttechnik des FA EM III der Masch.Bau-BG            angestellt.<\/span><\/p>\n<p><span style=\"font-family: Arial,Helvetica,sans-serif;\">Licht beeinflusst k\u00f6rperliche,            seelische und geistige Vorg\u00e4nge beim Menschen.<\/span><\/p>\n<p><span style=\"font-family: Arial,Helvetica,sans-serif;\">Der Mensch ist seit Urzeiten            an Tageslicht angepasst, so dass dies grunds\u00e4tzlich auch f\u00fcr            den Arbeitsplatz die menschengem\u00e4\u00dfe Beleuchtung ist:<\/span><\/p>\n<p><span style=\"font-family: Arial,Helvetica,sans-serif;\">Ist es aus verschiedenen            Gr\u00fcnden nicht m\u00f6glich (z.B. Energieeinsatz), am Arbeitsplatz            Lichtsituationen vorzusehen, wie sie tags\u00fcber im Freien vorliegen,            so stellt jedoch die Erh\u00f6hung der Qualit\u00e4t des Lichtes und            der Beleuchtung wirtschaftlich erreichbare Ziele dar, die die Rahmenbedingungen            f\u00fcr die Gesunderhaltung des Menschen bei der Arbeit verbessern.<\/span><\/p>\n<p><span style=\"font-family: Arial,Helvetica,sans-serif;\">Wo immer m\u00f6glich, sollten            Arbeitspl\u00e4tze mit Tageslicht beleuchtet werden, da das Tageslicht            Qualit\u00e4tsmerkmale aufweist, die durch k\u00fcnstliche Beleuchtung            in ihrer Gesamtheit nicht erreichbar sind. Da Tageslicht jedoch \u00f6rtlich            und zeitlich nicht immer in ausreichendem Ma\u00dfe zur Verf\u00fcgung            steht, kommt auch einer qualitativ guten k\u00fcnstlichen Beleuchtung            gro\u00dfe Bedeutung zu.<\/span><\/p>\n<p><span style=\"font-family: Arial,Helvetica,sans-serif;\">Dabei ist es wichtig, auch            die visuelle Kommunikation zu gew\u00e4hrleisten. Dies erfordert eine            Allgemeinbeleuchtung, die den Raum und den Arbeitsplatz einschlie\u00dflich            der Arbeitsumgebung als Gesamtheit zur Geltung bringt.<\/span><\/p>\n<p><span style=\"font-family: Arial,Helvetica,sans-serif;\">Im Folgenden werden einige            Stichpunkte zur Erl\u00e4uterung der Unterschiede des neuen Ansatzes            zu bisherigen Regelwerken genannt.<\/span><br \/>\n<strong><span style=\"font-family: Arial,Helvetica,sans-serif;\">3 Allgemeine Anforderungen<\/span><\/strong><\/p>\n<ol>\n<li><span style=\"font-family: Arial,Helvetica,sans-serif;\">Aus der Art des Lichtes              und der Beleuchtung d\u00fcrfen sich keine Unfall- oder arbeitsbedingte              Gesundheitsgefahren ergeben.<\/span><\/li>\n<li><span style=\"font-family: Arial,Helvetica,sans-serif;\">Bei der Wahl der Lichtart              und der Gestaltung der Beleuchtung sind der Stand der Technik, der              Arbeitsmedizin und der Hygiene, sowie sonstige gesicherte arbeitswissenschaftliche<br \/>\nErkenntnisse zu ber\u00fccksichtigen.<\/span><\/li>\n<li><span style=\"font-family: Arial,Helvetica,sans-serif;\">Der Unternehmer hat den              Versicherten soweit wie m\u00f6glich Arbeitspl\u00e4tze mit ausreichendem              und blendfreiem Tageslicht zur Verf\u00fcgung zu stellen.<\/span><\/li>\n<li><span style=\"font-family: Arial,Helvetica,sans-serif;\">Soweit das Tageslicht              nicht ausreicht, sind die Arbeitspl\u00e4tze k\u00fcnstlich zu beleuchten.<\/span><\/li>\n<li><span style=\"font-family: Arial,Helvetica,sans-serif;\">Arbeitsr\u00e4ume sind              farblich so zu gestalten, dass sich daraus keine unfall- oder arbeitsbedingte              Gesundheitsgefahren ergeben. Dabei ist sicherzustellen, dass Signal-              und Sicherheitsfarben sowie Farbkodierungen als solche erkennbar sind.<\/span><\/li>\n<\/ol>\n<p><span style=\"font-family: Arial,Helvetica,sans-serif;\">Die Anforderungen f\u00fcr            Planung und Errichtung beziehen sich auf die folgenden G\u00fctekriterien            f\u00fcr das Tageslicht:<\/span><\/p>\n<ul>\n<li><span style=\"font-family: Arial,Helvetica,sans-serif;\">Beleuchtungsst\u00e4rke<\/span><\/li>\n<li><span style=\"font-family: Arial,Helvetica,sans-serif;\">kontinuierliches Spektrum<\/span><\/li>\n<li><span style=\"font-family: Arial,Helvetica,sans-serif;\">Dynamik<br \/>\n(Anderung der Lichtfarbe, der relativen spektralen Zusammensetzung,              der Lichtmenge, der<br \/>\nLeuchtdichtemuster, der Lichtrichtung, der Blendung und der Farbwiedergabe),<\/span><\/li>\n<\/ul>\n<p><span style=\"font-family: Arial,Helvetica,sans-serif;\">und auf die klassischen G\u00fctekriterien            f\u00fcr die k\u00fcnstliche Beleuchtung, erg\u00e4nzt um<\/span><\/p>\n<ul>\n<li><span style=\"font-family: Arial,Helvetica,sans-serif;\">Begrenzung der Lichtwelligkeit<\/span><\/li>\n<li><span style=\"font-family: Arial,Helvetica,sans-serif;\">Vermeidung st\u00f6render              Spiegelungen heller Fl\u00e4chen auf dem Bildschirm,<\/span><\/li>\n<li><span style=\"font-family: Arial,Helvetica,sans-serif;\">Dynamik des Lichtes und              der Beleuchtung<\/span><\/li>\n<\/ul>\n<p><span style=\"font-family: Arial,Helvetica,sans-serif;\"><br \/>\n<strong>4 Nat\u00fcrliche und k\u00fcnstliche Beleuchtung von Arbeitsst\u00e4tten<\/strong><\/span><\/p>\n<p>Der Mensch ben\u00f6tigt eine bestimmte Mindestlichtmenge im Jahr f\u00fcr            seine Gesundheit. Wird diese nicht erreicht, k\u00f6nnen Lichtmangelerkrankungen            auftreten. Probleme treten \u00fcberwiegend in der Winterzeit auf, wenn            Menschen an Arbeitspl\u00e4tzen ohne (ausreichendes) Tageslicht arbeiten.            Die erforderliche Lichtmenge kann in Luxstunden angegeben werden, wobei            ein Schwellenwert von ca. 2000 lx \u00fcberschritten werden sollte,            um eine biologische Wirkung zu erzielen.<\/p>\n<p><span style=\"font-family: Arial,Helvetica,sans-serif;\"><strong>Nat\u00fcrliche Beleuchtung<\/strong><br \/>\nDer nat\u00fcrlichen Beleuchtung (Beleuchtung mit Tageslicht) ist bei            der Beleuchtung von Arbeitspl\u00e4tzen der Vorzug zu geben.<\/span><\/p>\n<p><span style=\"font-family: Arial,Helvetica,sans-serif;\"><strong>K\u00fcnstliche Beleuchtung<\/strong><br \/>\nDie k\u00fcnstliche Beleuchtung k\u00f6nnte konzeptionell unterteilt            werden in<\/span><\/p>\n<ul>\n<li><span style=\"font-family: Arial,Helvetica,sans-serif;\">einen Grundanteil der              Beleuchtung f\u00fcr den Arbeitsbereich, <\/span><\/li>\n<li><span style=\"font-family: Arial,Helvetica,sans-serif;\">einen aus gesundheitlichen              Gr\u00fcnden erforderlichen Zusatzanteil der Beleuchtung f\u00fcr              eine Teilfl\u00e4che im Arbeitsbereich, <\/span><\/li>\n<li><span style=\"font-family: Arial,Helvetica,sans-serif;\">einen Anteil, der aufgrund              der Sehaufgabe erforderlich sein kann, soweit dieser oberhalb der              Summe von Grundanteil und Zusatzanteil liegen sollte. Dieser Anteil              kann aus Gr\u00fcnden der Produkt- und Arbeitsqualit\u00e4t erforderlich              sein.<\/span><\/li>\n<\/ul>\n<p><span style=\"font-family: Arial,Helvetica,sans-serif;\"><strong><br \/>\nGrundanteil der Beleuchtung<\/strong><br \/>\nIn Arbeitsbereichen mit st\u00e4ndig besetzten Arbeitspl\u00e4tzen sollte            ein hinreichend gro\u00dfer Grundanteil der Beleuchtung vorgesehen            werden, soweit produktionstechnische Gr\u00fcnde dem nicht entgegenstehen.<\/span><\/p>\n<p><span style=\"font-family: Arial,Helvetica,sans-serif;\">Aus gesundheitlichen Gr\u00fcnden            erforderlicher Zusatzanteil der Beleuchtung<br \/>\nDer aus gesundheitlichen Gr\u00fcnden erforderliche Zusatzanteil der            Beleuchtung muss sich mit dem Grundanteil der Beleuchtung zu einem hinreichend            gro\u00dfen Wert erg\u00e4nzen.<\/span><\/p>\n<p><span style=\"font-family: Arial,Helvetica,sans-serif;\">Der Gesundheitsaspekt dieses            Anteils erfordert, dass viele Eigenschaften des Tageslichtes auch bei            der k\u00fcnstlichen Beleuchtung verwirklicht werden.<\/span><\/p>\n<p><span style=\"font-family: Arial,Helvetica,sans-serif;\">Ein wesentlicher Aspekt des            Tageslichtes ist dessen Dynamik, d.h. eine Anderung von Lichtfarbe,            von Licht und Schatten, von Intensit\u00e4t usw. muss m\u00f6glich sein.            Diese Parameter m\u00fcssen durch den Nutzer regelbar sein.<\/span><\/p>\n<p><span style=\"font-family: Arial,Helvetica,sans-serif;\">Auch das Kunstlicht sollte            ein volles oder mindestens aufgef\u00fclltes Spektrum haben.<\/span><\/p>\n<p style=\"text-align: center;\"><span style=\"font-family: Arial,Helvetica,sans-serif; font-size: x-small;\">\u00a9 2001 Dipl.-Ing.              Wolfgang Prahl<\/span><\/p>\n<hr \/>\n<p><span style=\"font-family: Arial,Helvetica,sans-serif; font-size: x-small;\">\u00a9 2001 Dipl.-Ing.              Wolfgang Prahl<\/span><\/p>\n","protected":false},"excerpt":{"rendered":"<p>Autor Wolfgang Prahl Kurzfassung Beleuchtungsaspekte wurden bisher prim\u00e4r technisch, wirtschaftlich, physiologisch gesehen (Sehleistung). Neuer Ansatz ist: Licht und damit die Beleuchtung haben wichtige Aufgaben zur Gesundheitsvorsorge zu erf\u00fcllen. Dieser Aspekt sollte erste Priorit\u00e4t haben und in Anforderungen an die Beleuchtung pr\u00e4zisiert <a href=\"http:\/\/www.lichtundgesundheit.de\/cyberlux\/?p=738\"> Read more&#8230;<\/a><\/p>\n","protected":false},"author":2,"featured_media":0,"comment_status":"open","ping_status":"open","sticky":false,"template":"","format":"standard","meta":{"footnotes":""},"categories":[56,57,142,8,22,96,41],"tags":[107,120],"class_list":["post-738","post","type-post","status-publish","format-standard","hentry","category-beleuchtung-und-gesundheitsvorsorge","category-plane","category-licht-und-arbeit","category-lundg","category-naturliches-licht-in-arbeitsumgebungen","category-normative-festlegungen","category-vollspektrumlicht","tag-ges","tag-sicherheit"],"_links":{"self":[{"href":"http:\/\/www.lichtundgesundheit.de\/cyberlux\/index.php?rest_route=\/wp\/v2\/posts\/738","targetHints":{"allow":["GET"]}}],"collection":[{"href":"http:\/\/www.lichtundgesundheit.de\/cyberlux\/index.php?rest_route=\/wp\/v2\/posts"}],"about":[{"href":"http:\/\/www.lichtundgesundheit.de\/cyberlux\/index.php?rest_route=\/wp\/v2\/types\/post"}],"author":[{"embeddable":true,"href":"http:\/\/www.lichtundgesundheit.de\/cyberlux\/index.php?rest_route=\/wp\/v2\/users\/2"}],"replies":[{"embeddable":true,"href":"http:\/\/www.lichtundgesundheit.de\/cyberlux\/index.php?rest_route=%2Fwp%2Fv2%2Fcomments&post=738"}],"version-history":[{"count":7,"href":"http:\/\/www.lichtundgesundheit.de\/cyberlux\/index.php?rest_route=\/wp\/v2\/posts\/738\/revisions"}],"predecessor-version":[{"id":872,"href":"http:\/\/www.lichtundgesundheit.de\/cyberlux\/index.php?rest_route=\/wp\/v2\/posts\/738\/revisions\/872"}],"wp:attachment":[{"href":"http:\/\/www.lichtundgesundheit.de\/cyberlux\/index.php?rest_route=%2Fwp%2Fv2%2Fmedia&parent=738"}],"wp:term":[{"taxonomy":"category","embeddable":true,"href":"http:\/\/www.lichtundgesundheit.de\/cyberlux\/index.php?rest_route=%2Fwp%2Fv2%2Fcategories&post=738"},{"taxonomy":"post_tag","embeddable":true,"href":"http:\/\/www.lichtundgesundheit.de\/cyberlux\/index.php?rest_route=%2Fwp%2Fv2%2Ftags&post=738"}],"curies":[{"name":"wp","href":"https:\/\/api.w.org\/{rel}","templated":true}]}}