{"id":729,"date":"2008-10-19T16:06:59","date_gmt":"2008-10-19T14:06:59","guid":{"rendered":"http:\/\/localhost:8888\/wordpress\/?p=729"},"modified":"2008-10-19T16:06:59","modified_gmt":"2008-10-19T14:06:59","slug":"naturliches-licht-in-arbeitsumgebungen","status":"publish","type":"post","link":"http:\/\/www.lichtundgesundheit.de\/cyberlux\/?p=729","title":{"rendered":"Nat\u00fcrliches Licht in Arbeitsumgebungen"},"content":{"rendered":"<h2><strong>Ahmet Cakir<\/strong><\/h2>\n<p><span style=\"font-family: Arial,Helvetica,sans-serif;\">Die Sonne hat ihre dominierende      Rolle als die Hauptquelle f\u00fcr Beleuchtung in der Arbeitswelt etwa in der Mitte      des 20. Jahrhunderts eingeb\u00fc\u00dft. Dieser Zeitraum f\u00e4llt zusammen mit der Entwicklung      der Leuchtstofflampe, als diese akzeptable Sehbedingungen realisieren half.      In manchen L\u00e4ndern der Erde werden Arbeitsbereiche ohne Ber\u00fccksichtigung des      Tageslichts gestaltet und erhalten sehr wenig Sonnenlicht, wenn \u00fcberhaupt.      In manchen L\u00e4ndern wie z.B. D\u00e4nemark hat jeder Arbeitnehmer Recht auf Tageslicht      w\u00e4hrend in anderen L\u00e4ndern jeder Arbeitsplatz eine Sichtverbindung nach drau\u00dfen      haben muss, so in Deutschland. Egal, was es dort zu sehen gibt. Diese Bestimmung      findet sich in einer wichtigen Verordnung des Bundes in einem Paragrafen zur      Beleuchtung, allerdings ohne jeglichen spezifizierten Bezug zur Beleuchtung.      Die Bundesl\u00e4nder schreiben sogar die relative Gr\u00f6\u00dfe von Fenstern vor, ohne      allerdings zu verbieten, dass gro\u00dfe B\u00e4ume davor stehen. Tageslicht ja, Tageslichtbeleuchtung      nicht notwendigerweise!<br \/>\n<\/span><\/p>\n<p><span style=\"font-family: Arial,Helvetica,sans-serif;\">Das menschliche Wesen hat sich      unter der Sonne entwickelt und lebte f\u00fcr Jahrtausende in Harmonie mit ihrer      Hitze und mit ihrem Licht. In den letzten 50 Jahren haben wir aber den engen      Bezug zur Sonne und der heilenden Kraft ihrer Strahlen verloren. Viele Menschen      haben sogar \u00c4ngste gegen sie entwickelt. Die Sonnenanbetung der Anf\u00e4nge des      letzten Jahrhunderts hat den \u00c4ngsten \u00fcber Hautkrebs Platz gemacht. In vielen      B\u00fcchern und Artikeln werden das nat\u00fcrliche Licht und seine Quelle als eine      Art Gefahr behandelt, gegen die allerlei Mittel angeboten werden. Die technische      Literatur befasst sich nur nebenbei mit den positiven Aspekten des Tageslichts.<br \/>\n<\/span><\/p>\n<p><span style=\"font-family: Arial,Helvetica,sans-serif;\">Nach der ersten globalen Energiekrise      zu Beginn der 1970er Jahre wurde Tageslicht als Energiequelle (wieder)entdeckt      und zum Mittel der Beleuchtung von Arbeitspl\u00e4tzen. Es folgte die Wiedergeburt      der Solararchitektur, die sorgsam gehegt und gepflegt wird &#8211; allerdings nicht      immer mit einem verst\u00e4ndlichen Hintergrund. So werden beispielsweise B\u00fcrogeb\u00e4ude      mit einem Wintergarten davor gebaut, der Energie sparen helfen soll. Leider      nimmt diese Einrichtung nicht zu knapp Licht weg, so dass man f\u00fcr Beleuchtung      mehr Energie aufwenden muss. Diese ist aber &#8222;edle&#8220; elektrische Energie, bei      deren Erzeugung und Transport etwa zwei Drittel der eingesetzten Prim\u00e4renergie      verloren gehen. Energie zum Heizen l\u00e4sst sich aber mit hohem Wirkungsgrad      bzw. fast verlustfrei vor Ort gewinnen. So kann der gutgemeinte Ansatz anstelle      Energieeinsparung das genaue Gegenteil bewirken. Wir ben\u00f6tigen daher Konzepte,      die angeben, was sie bewirken wollen und was sie noch nebenbei ungewollt bewirken. <\/span><span style=\"font-family: Arial,Helvetica,sans-serif;\"> Nat\u00fcrliche Beleuchtung von Arbeitsbereichen kann durch Fenster, Oberlichter      und Kombinationen beider erfolgen. Der Transport von Tageslicht in R\u00e4ume ohne      Kontakt zur Au\u00dfenwelt stellt einen &#8222;neuen&#8220; Ansatz dar, der heute erforscht      wird. (Anm.: In diesem Kontext bedeutet &#8222;neu&#8220; einige Jahrzehnte alt, aber      dennoch weitgehend als Theorie verstanden.)Das Tageslicht hat seine Rolle      als Lichtquelle f\u00fcr Beleuchtungszwecke insbesondere deswegen verloren, weil      man sich nicht in der Lage gef\u00fchlt hatte, mit einem ewig ver\u00e4nderlichen Umweltfaktor      umzugehen. Heute wurde aber die gleiche Eigenschaft, die &#8222;Dynamik&#8220; des Tageslichts,      als ein besonderes Qualit\u00e4tsmerkmal entdeckt, und sogar Firmen, die k\u00fcnstliche      Beleuchtung anbieten, versuchen die Dynamik nachzuahmen. Dynamik &#8211; und alles,      was damit zusammenh\u00e4ngt, geh\u00f6ren zu den wichtigsten Diskussionsgegenst\u00e4nden dieses      Forums.<br \/>\n<\/span><\/p>\n<p><span style=\"font-family: Arial,Helvetica,sans-serif;\">Da Tageslicht aus verst\u00e4ndlichen      Gr\u00fcnden nicht st\u00e4ndig zur Verf\u00fcgung steht, wir aber m\u00f6glichst unabh\u00e4ngig von      der Zeit leben und arbeiten wollen, geh\u00f6ren intelligente Konzepte zur Harmonisierung      von Kunst- und Tageslicht zu den wichtigsten Forschungs- und praktischen Gestaltungsaktivit\u00e4ten. <\/span><\/p>\n<p><span style=\"font-family: Arial,Helvetica,sans-serif;\">eingestellt in CyberLux: November 2001<\/span><\/p>\n","protected":false},"excerpt":{"rendered":"<p>Ahmet Cakir Die Sonne hat ihre dominierende Rolle als die Hauptquelle f\u00fcr Beleuchtung in der Arbeitswelt etwa in der Mitte des 20. Jahrhunderts eingeb\u00fc\u00dft. Dieser Zeitraum f\u00e4llt zusammen mit der Entwicklung der Leuchtstofflampe, als diese akzeptable Sehbedingungen realisieren half. In manchen <a href=\"http:\/\/www.lichtundgesundheit.de\/cyberlux\/?p=729\"> Read more&#8230;<\/a><\/p>\n","protected":false},"author":1,"featured_media":0,"comment_status":"open","ping_status":"open","sticky":false,"template":"","format":"standard","meta":{"footnotes":""},"categories":[126,1,22,32],"tags":[98,113],"class_list":["post-729","post","type-post","status-publish","format-standard","hentry","category-1-einfuhrung-naturliches-licht","category-allgemein","category-naturliches-licht-in-arbeitsumgebungen","category-tageslicht-und-ergonomie","tag-arbeit","tag-licht"],"_links":{"self":[{"href":"http:\/\/www.lichtundgesundheit.de\/cyberlux\/index.php?rest_route=\/wp\/v2\/posts\/729","targetHints":{"allow":["GET"]}}],"collection":[{"href":"http:\/\/www.lichtundgesundheit.de\/cyberlux\/index.php?rest_route=\/wp\/v2\/posts"}],"about":[{"href":"http:\/\/www.lichtundgesundheit.de\/cyberlux\/index.php?rest_route=\/wp\/v2\/types\/post"}],"author":[{"embeddable":true,"href":"http:\/\/www.lichtundgesundheit.de\/cyberlux\/index.php?rest_route=\/wp\/v2\/users\/1"}],"replies":[{"embeddable":true,"href":"http:\/\/www.lichtundgesundheit.de\/cyberlux\/index.php?rest_route=%2Fwp%2Fv2%2Fcomments&post=729"}],"version-history":[{"count":0,"href":"http:\/\/www.lichtundgesundheit.de\/cyberlux\/index.php?rest_route=\/wp\/v2\/posts\/729\/revisions"}],"wp:attachment":[{"href":"http:\/\/www.lichtundgesundheit.de\/cyberlux\/index.php?rest_route=%2Fwp%2Fv2%2Fmedia&parent=729"}],"wp:term":[{"taxonomy":"category","embeddable":true,"href":"http:\/\/www.lichtundgesundheit.de\/cyberlux\/index.php?rest_route=%2Fwp%2Fv2%2Fcategories&post=729"},{"taxonomy":"post_tag","embeddable":true,"href":"http:\/\/www.lichtundgesundheit.de\/cyberlux\/index.php?rest_route=%2Fwp%2Fv2%2Ftags&post=729"}],"curies":[{"name":"wp","href":"https:\/\/api.w.org\/{rel}","templated":true}]}}