{"id":626,"date":"2009-07-23T22:24:35","date_gmt":"2009-07-23T20:24:35","guid":{"rendered":"http:\/\/localhost:8888\/wordpress\/?p=626"},"modified":"2009-10-21T15:40:53","modified_gmt":"2009-10-21T13:40:53","slug":"wohin-mit-dem-lampenmull-eine-andere-dunkle-seite-des-lichts-beleuchtet","status":"publish","type":"post","link":"http:\/\/www.lichtundgesundheit.de\/cyberlux\/?p=626","title":{"rendered":"Wohin mit dem Lampenm\u00fcll? &#8211; Eine andere dunkle Seite des Lichts beleuchtet"},"content":{"rendered":"<h3>Autor<\/h3>\n<h3>Ahmet Cakir<\/h3>\n<h3>Kurzfassung<\/h3>\n<h4><span style=\"font-family: Arial, Helvetica, sans-serif;\">Zur ganzheitlich \u00f6kologischen Denkweise zum k\u00fcnstlichen Licht <\/span><\/h4>\n<p><span style=\"font-family: Arial, Helvetica, sans-serif;\">Lampen sind technische Produkte, die in jeder Phase ihres Lebens direkt oder indirekt die Umwelt belasten k\u00f6nnen. Wenn man eine \u00f6kologisch sinnvolle Lampe aussuchen m\u00f6chte, ist der Aspekt des Energieverbrauchs nicht alleiniger Entscheidungsfaktor. W\u00e4hrend man einigen Lampenarten eine weitgehende Unbedenklichkeit bescheinigt, enthalten z.B. die Lampen, die etwa 70% des k\u00fcnstlichen Lichts auf der Welt erzeugen sollen (Leuchtstofflampen), Quecksilber. Dieser Stoff kann zwar durch Recycling-Verfahren zum gr\u00f6\u00dften teil wieder verwertet werden, Dennoch verbleibt noch 15% Sonderabfall. W\u00e4hrend die \u00fcblichen Leuchtstofflampen\u00a0haupts\u00e4chlich in der Industrie verwendet werden und daher zu einem erheblichen Prozentsatz dem Recycling zugef\u00fchrt werden, sieht es bei den sog. &#8222;Energiesparlampen&#8220; in Haushalten recht traurig aus.<\/span><\/p>\n<h3>Beitrag<\/h3>\n<h4><span style=\"font-family: Arial, Helvetica, sans-serif;\">Zur ganzheitlich \u00f6kologischen Denkweise zum k\u00fcnstlichen Licht<\/span><\/h4>\n<p><span style=\"font-family: Arial, Helvetica, sans-serif;\"> Eine ganzheitliche Betrachtungsweise der Beleuchtung von Arbeitsst\u00e4tten hinsichtlich der Belastung der Umwelt muss alle Phasen des Lebenslaufs der benutzten technischen Einrichtungen von der Herstellung bis zur Entsorgung umfassen. Es ist zweckm\u00e4\u00dfig, hierbei die Aspekte, die die Umwelt betreffen, von denjenigen getrennt zu betrachten, die den Menschen als Benutzer interessieren. Das Durcheinander der Argumente, die zum Thema &#8222;Gr\u00fcnes B\u00fcro&#8220; vorgebracht werden, z.B. die gleichzeitige Behandlung von Energieverbrauch, Insektenwirksamkeit oder Schwermetallgehalt von Lampen und biologische Wirkungen auf den Menschen innerhalb eines Vortrags, erschwert eine eventuelle Entscheidung f\u00fcr oder gegen eine bestimmte Lichtquelle.<\/span><\/p>\n<p>Es sollten grob folgende Phasen der Lebensdauer ber\u00fccksichtigt werden:<\/p>\n<p>\u2022 Herstellung des Produkts<br \/>\n&#8211; Energieaufwand<br \/>\n&#8211; Umweltbelastung durch die Materialerzeugung<br \/>\n&#8211; Umweltbelastung durch den Herstellprozess<\/p>\n<p><span style=\"font-family: Arial, Helvetica, sans-serif;\">\u2022 Transport, Vertrieb, Installation<br \/>\n&#8211; Energieaufwand<br \/>\n&#8211; sonstige Umweltbelastung<\/span><\/p>\n<p><span style=\"font-family: Arial, Helvetica, sans-serif;\">\u2022 Betrieb<br \/>\n&#8211; Energieaufwand f\u00fcr den Betrieb<br \/>\n&#8211; zus\u00e4tzlicher Aufwand (z.B. Aufwand durch Leuchte, Vorschaltger\u00e4t, Klimatisierung etc.)<br \/>\n&#8211; Umweltbelastung (Blendung, Insektenwirkung etc.)<\/span><\/p>\n<p>\u2022 Entsorgung<br \/>\n&#8211; Transport (z.B. Aufwand f\u00fcr Sonderm\u00fclltransport)<br \/>\n&#8211; Recyclingf\u00e4higkeit der Materialien<br \/>\n&#8211; Aufwand f\u00fcr die Materialr\u00fcckgewinnung<br \/>\n&#8211; Umweltbelastung durch Reststoffe<\/p>\n<h4><span style=\"font-family: Arial, Helvetica, sans-serif;\">Was bringt eine \u00f6kologische Denkweise?<\/span><\/h4>\n<p><span style=\"font-family: Arial, Helvetica, sans-serif;\"> Selbst wenn kaum jemand alle Informationen besitzt, um das oben dargestellte Schema auszuf\u00fcllen, kann sich der Umgang mit der Beleuchtung bereits durch schematische \u00dcberlegungen \u00e4ndern. So k\u00f6nnten sich z.B. mehr Personen mit der Natriumdampflampe als Stra\u00dfenbeleuchtung in der Innenstadt anfreunden als jetzt, wenn sie w\u00fcssten, dass diese Lampe nicht nur eine hohe Energieeffizienz besitzt, sondern auch Insekten weit weniger anlockt als Lampen mit besserer Farbwiedergabe.<\/span><\/p>\n<p>M\u00f6glicherweise machen auch mehr B\u00fcromitarbeiter ihren Frieden mit dem &#8222;Neonlicht&#8220;, wenn sie wissen, dass sie etwa f\u00fcnf bis zehn Mal mehr Licht aus der gleichen Energie erzeugt. Da der Energieverbrauch eines B\u00fcros zu etwa 40% auf die Beleuchtung zur\u00fcckgeht, ist das keine vernachl\u00e4ssigbare Gr\u00f6\u00dfenordnung. Die wahre Energiebilanz sieht sogar noch besser aus, wenn man die Kosten einer eventuell vorhandenen Klimatisierung einrechnet: Um eine bestimmte Energiemenge abzuf\u00fchren, die in einen Raum eingef\u00fchrt wurde, muss man etwa die achtfache Energie aufwenden!<\/p>\n<p>Ein erster sinnvoller Schritt in dieser Richtung w\u00e4re der Einsatz von elektronischen Vorschaltger\u00e4ten. Sie sind zwar teurer als herk\u00f6mmliche, sparen aber Energie und vor allem Sonderm\u00fcll durch Verl\u00e4ngerung der Lebensdauer der Lampen. Und sie ersparen manchem Benutzer Kopfschmerzen durch weniger Flimmern!<\/p>\n<p>Bereits heute profitiert die Umwelt von der \u00f6kologischen Denke. Beispiele:<\/p>\n<p>\u2022 Die Quecksilberbelastung der Umwelt wurde drastisch reduziert durch<br \/>\n&#8211; weniger Quecksilber in Leuchtstofflampen<br \/>\n&#8211; Quecksilberr\u00fcckgewinnung durch Recycling.<\/p>\n<p>\u2022 Umweltrelevante Stoffe wie Arsen und Cadmium werden seit langem nicht mehr verwendet.<\/p>\n<p>\u2022 PCB-haltige Kondensatoren wurden aus den Leuchten verbannt.<\/p>\n<p>\u2022 J\u00e4hrlich anfallende Belastung durch Millionen defekter Leuchtstofflampen, die fr\u00fcher als M\u00fcll entsorgt wurden, kann durch Recycling auf ca. 15% Sonderm\u00fcll reduziert werden.<\/p>\n<h4><span style=\"font-family: Arial, Helvetica, sans-serif;\"><br \/>\nWelche Lampen belasten die Umwelt auf welche Art?<\/span><\/h4>\n<p align=\"left\"><span style=\"font-family: Arial, Helvetica, sans-serif;\"> Obwohl man grunds\u00e4tzlich auf m\u00f6glichst sparsamen Verbrauch von Energie achten sollte, kann man zuweilen andere Gesichtspunkte st\u00e4rker beachten, wenn man die Umweltbelastung insgesamt betrachtet. Ein Faktor hierzu ist die Umweltbelastung durch verbrauchte Lampen. Zum einen sollte sich jeder dazu aufgerufen f\u00fchlen, diese einer Umwelt schonenden Entsorgung zuzuf\u00fchren. Zum anderen aber sollte man sich bereits bei der Lampenauswahl Gedanken \u00fcber die Entsorgung machen. Hier einige Hinweise:<br \/>\n<\/span><\/p>\n<table border=\"1\" width=\"90%\">\n<tbody>\n<tr>\n<td width=\"30%\"><strong><span style=\"font-family: Arial, Helvetica, sans-serif;\">Lampentyp<br \/>\n(Abbildungen Osram)<\/span><\/strong><\/td>\n<td width=\"37%\"><strong><span style=\"font-family: Arial, Helvetica, sans-serif;\">Bezeichnung<\/span><\/strong><\/td>\n<td width=\"42%\"><strong><span style=\"font-family: Arial, Helvetica, sans-serif;\">Umweltrelevanz<\/span><\/strong><\/td>\n<\/tr>\n<tr>\n<td width=\"21%\"><span style=\"font-family: Arial, Helvetica, sans-serif;\"><img loading=\"lazy\" decoding=\"async\" src=\"http:\/\/localhost:8888\/wordpress\/wp-content\/uploads\/2009\/07\/lampe1.jpg\" alt=\"\" width=\"69\" height=\"84\" \/><\/span><\/td>\n<td width=\"37%\"><span style=\"font-family: Arial, Helvetica, sans-serif;\">Gl\u00fchlampen<br \/>\n(Allgebrauchslampen) <\/span><\/td>\n<td width=\"42%\"><span style=\"font-family: Arial, Helvetica, sans-serif;\">Enthalten keine Stoffe, die derzeit als umweltrelevant eingestuft werden.<\/span><\/td>\n<\/tr>\n<tr>\n<td width=\"21%\"><span style=\"font-family: Arial, Helvetica, sans-serif;\"><img loading=\"lazy\" decoding=\"async\" src=\"http:\/\/www.cyberlux.de\/deutsch\/articles\/science\/lichtumwelt\/chakir_2\/pics\/lampe2.jpg\" alt=\"\" width=\"69\" height=\"83\" \/><\/span><\/td>\n<td width=\"37%\"><span style=\"font-family: Arial, Helvetica, sans-serif;\">Reflektorlampen<\/span><\/td>\n<td width=\"42%\"><span style=\"font-family: Arial, Helvetica, sans-serif;\">Enthalten keine Stoffe, die derzeit als umweltrelevant eingestuft werden.<\/span><\/td>\n<\/tr>\n<tr>\n<td width=\"21%\"><span style=\"font-family: Arial, Helvetica, sans-serif;\"><img decoding=\"async\" src=\"http:\/\/www.lichtundgesundheit.de\/cyberlux\/wp-content\/uploads\/2009\/07\/lampe3.jpg\" alt=\"\" \/><\/span><\/td>\n<td width=\"37%\"><span style=\"font-family: Arial, Helvetica, sans-serif;\">Halogenlampen (Halogengl\u00fchlampen)<\/span><\/td>\n<td width=\"42%\"><span style=\"font-family: Arial, Helvetica, sans-serif;\">Enthalten geringe Mengen Halogene<\/span><\/td>\n<\/tr>\n<tr>\n<td width=\"21%\"><img decoding=\"async\" src=\"http:\/\/www.lichtundgesundheit.de\/cyberlux\/wp-content\/uploads\/2009\/07\/lampe4.jpg\" alt=\"\" \/><img decoding=\"async\" src=\"http:\/\/www.lichtundgesundheit.de\/cyberlux\/wp-content\/uploads\/2009\/07\/lampe5.jpg\" alt=\"\" \/><\/td>\n<td width=\"37%\"><span style=\"font-family: Arial, Helvetica, sans-serif;\">Halogenmetalldampflampen<\/span><\/td>\n<td width=\"42%\"><span style=\"font-family: Arial, Helvetica, sans-serif;\">Enthalten Quecksilber<\/span><\/td>\n<\/tr>\n<tr>\n<td width=\"21%\"><span style=\"font-family: Arial, Helvetica, sans-serif;\"><img decoding=\"async\" src=\"http:\/\/www.lichtundgesundheit.de\/cyberlux\/wp-content\/uploads\/2009\/07\/lampe6.jpg\" alt=\"\" \/><img decoding=\"async\" src=\"http:\/\/www.lichtundgesundheit.de\/cyberlux\/wp-content\/uploads\/2009\/07\/lampe7.jpg\" alt=\"\" \/><\/span><\/td>\n<td width=\"37%\"><span style=\"font-family: Arial, Helvetica, sans-serif;\">Natriumdamphochdrucklampen<\/span><\/td>\n<td width=\"42%\"><span style=\"font-family: Arial, Helvetica, sans-serif;\">Enthalten Quecksilber<\/span><\/td>\n<\/tr>\n<tr>\n<td width=\"21%\"><span style=\"font-family: Arial, Helvetica, sans-serif;\"><img decoding=\"async\" src=\"http:\/\/www.lichtundgesundheit.de\/cyberlux\/wp-content\/uploads\/2009\/07\/lampe8.jpg\" alt=\"\" \/><img decoding=\"async\" src=\"http:\/\/www.lichtundgesundheit.de\/cyberlux\/wp-content\/uploads\/2009\/07\/lampe9.jpg\" alt=\"\" \/><\/span><\/td>\n<td width=\"37%\"><span style=\"font-family: Arial, Helvetica, sans-serif;\">Leuchtstofflampen<\/span><\/td>\n<td width=\"42%\"><span style=\"font-family: Arial, Helvetica, sans-serif;\">Enthalten Quecksilber<\/span><\/td>\n<\/tr>\n<tr>\n<td width=\"21%\"><span style=\"font-family: Arial, Helvetica, sans-serif;\"><img decoding=\"async\" src=\"http:\/\/localhost:8888\/wordpress\/wp-content\/uploads\/2009\/07\/lampe10.jpg\" alt=\"\" \/><img decoding=\"async\" src=\"http:\/\/www.lichtundgesundheit.de\/cyberlux\/wp-content\/uploads\/2009\/07\/lampe11.jpg\" alt=\"\" \/><\/span><\/td>\n<td width=\"37%\"><span style=\"font-family: Arial, Helvetica, sans-serif;\">Kompaktleuchtstofflampen<\/span><\/td>\n<td width=\"42%\"><span style=\"font-family: Arial, Helvetica, sans-serif;\">Enthalten Quecksilber<\/span><\/td>\n<\/tr>\n<tr>\n<td width=\"21%\"><span style=\"font-family: Arial, Helvetica, sans-serif;\"><img decoding=\"async\" src=\"http:\/\/www.lichtundgesundheit.de\/cyberlux\/wp-content\/uploads\/2009\/07\/lampe12.jpg\" alt=\"\" \/><\/span><\/td>\n<td width=\"37%\"><span style=\"font-family: Arial, Helvetica, sans-serif;\">Xenon-Gasentladungs-Lampen (KFZ-Beleuchtung)<\/span><\/td>\n<td width=\"42%\"><span style=\"font-family: Arial, Helvetica, sans-serif;\">Enthalten Quecksilber<\/span><\/td>\n<\/tr>\n<\/tbody>\n<\/table>\n<p><span style=\"font-family: Arial, Helvetica, sans-serif;\">Naturgem\u00e4\u00df beschr\u00e4nkt sich die Umweltbelastung nicht nur auf die &#8222;Schadstoffe&#8220;, d.h., auf solche, die man als \u00fcberwachungsbed\u00fcrftig anerkannt hat. Deswegen hat sich in Deutschland eine Arbeitsgemeinschaft f\u00fcr die Lampenverwertung gebildet, die verschiedene Verfahren entwickelt hat, um m\u00f6glichst viel Abfall einer Wiederverwendung zuzuf\u00fchren. Als Beispiel sei das &#8222;Shredder-Verfahren&#8220; genannt:<\/span><\/p>\n<p><img decoding=\"async\" src=\"http:\/\/www.lichtundgesundheit.de\/cyberlux\/wp-content\/uploads\/2009\/07\/bild01.gif\" alt=\"\" \/><br \/>\n(Quelle: AGLV und ZVEI)<\/p>\n<p>Bei diesem Verfahren wird die Lampe in ihre Bestandteile zerlegt und zum gr\u00f6\u00dften Teil wieder verwertbar aufbereitet. Der verbleibende Sonderabfall ist naturgem\u00e4\u00df je nach Lampenart unterschiedlich gro\u00df.<\/p>\n<p>Weitergehende Informationen s. &#8222;Leitfaden f\u00fcr die Entsorgung von Lampen&#8220;, Herausgeber: Arbeitsgemeinschaft Lampen-Verwertung (AGLV) im Fachverband Elektrische Lampen Zentralverband Elektrotechnik- und Elektronikindustrie (ZVEI) e.V.<\/p>\n<p>eingestellt in CyberLux: 9. Februar 2004<\/p>\n","protected":false},"excerpt":{"rendered":"<p>Autor Ahmet Cakir Kurzfassung Zur ganzheitlich \u00f6kologischen Denkweise zum k\u00fcnstlichen Licht Lampen sind technische Produkte, die in jeder Phase ihres Lebens direkt oder indirekt die Umwelt belasten k\u00f6nnen. Wenn man eine \u00f6kologisch sinnvolle Lampe aussuchen m\u00f6chte, ist der Aspekt des Energieverbrauchs <a href=\"http:\/\/www.lichtundgesundheit.de\/cyberlux\/?p=626\"> Read more&#8230;<\/a><\/p>\n","protected":false},"author":1,"featured_media":0,"comment_status":"open","ping_status":"open","sticky":false,"template":"","format":"standard","meta":{"footnotes":""},"categories":[173],"tags":[98,104,107,113],"class_list":["post-626","post","type-post","status-publish","format-standard","hentry","category-lampenmull","tag-arbeit","tag-cyberlux","tag-ges","tag-licht"],"_links":{"self":[{"href":"http:\/\/www.lichtundgesundheit.de\/cyberlux\/index.php?rest_route=\/wp\/v2\/posts\/626","targetHints":{"allow":["GET"]}}],"collection":[{"href":"http:\/\/www.lichtundgesundheit.de\/cyberlux\/index.php?rest_route=\/wp\/v2\/posts"}],"about":[{"href":"http:\/\/www.lichtundgesundheit.de\/cyberlux\/index.php?rest_route=\/wp\/v2\/types\/post"}],"author":[{"embeddable":true,"href":"http:\/\/www.lichtundgesundheit.de\/cyberlux\/index.php?rest_route=\/wp\/v2\/users\/1"}],"replies":[{"embeddable":true,"href":"http:\/\/www.lichtundgesundheit.de\/cyberlux\/index.php?rest_route=%2Fwp%2Fv2%2Fcomments&post=626"}],"version-history":[{"count":2,"href":"http:\/\/www.lichtundgesundheit.de\/cyberlux\/index.php?rest_route=\/wp\/v2\/posts\/626\/revisions"}],"predecessor-version":[{"id":787,"href":"http:\/\/www.lichtundgesundheit.de\/cyberlux\/index.php?rest_route=\/wp\/v2\/posts\/626\/revisions\/787"}],"wp:attachment":[{"href":"http:\/\/www.lichtundgesundheit.de\/cyberlux\/index.php?rest_route=%2Fwp%2Fv2%2Fmedia&parent=626"}],"wp:term":[{"taxonomy":"category","embeddable":true,"href":"http:\/\/www.lichtundgesundheit.de\/cyberlux\/index.php?rest_route=%2Fwp%2Fv2%2Fcategories&post=626"},{"taxonomy":"post_tag","embeddable":true,"href":"http:\/\/www.lichtundgesundheit.de\/cyberlux\/index.php?rest_route=%2Fwp%2Fv2%2Ftags&post=626"}],"curies":[{"name":"wp","href":"https:\/\/api.w.org\/{rel}","templated":true}]}}