{"id":605,"date":"2009-07-23T16:22:03","date_gmt":"2009-07-23T14:22:03","guid":{"rendered":"http:\/\/localhost:8888\/wordpress\/?p=605"},"modified":"2009-07-23T16:22:03","modified_gmt":"2009-07-23T14:22:03","slug":"visuelle-ergonomie-einfuhrung","status":"publish","type":"post","link":"http:\/\/www.lichtundgesundheit.de\/cyberlux\/?p=605","title":{"rendered":"Visuelle Ergonomie  &#8211; Einf\u00fchrung"},"content":{"rendered":"<h3><\/h3>\n<h3>Autor<\/h3>\n<h2>Ahmet Cakir<\/h2>\n<h3>Beitrag<\/h3>\n<p><span style=\"font-family: Arial, Helvetica, sans-serif;\">Muss man Dinge, die jeder kennt,      auch noch im Internet diskutieren? Licht kennen wir doch (fast) alle. Dessen      G\u00fctemerkmale sind bereits im Jahre 1935 recht umfassend festgelegt worden.      Warum denn ein Forum Lichtqualit\u00e4t? <\/span><\/p>\n<p><span style=\"font-family: Arial, Helvetica, sans-serif;\">Die Antwort ist trivial: Wir wissen zwar, was Licht ist, aber nicht, was Lichtqualit\u00e4t      in der Arbeitsumgebung oder gar generell in der Architektur bedeutet. Zudem      sind sich Architekten und Lichttechniker in kaum einer Frage so uneins wie      in dieser Frage. <\/span><\/p>\n<p><span style=\"font-family: Arial, Helvetica, sans-serif;\">Der Begriff &#8222;Qualit\u00e4t&#8220; stellt eines der \u00e4ltesten &#8222;Kulturg\u00fcter&#8220;      dar. Er wurde bereits in der Antike gepr\u00e4gt, leider auch seine Zweideutigkeit:<\/span><span style=\"font-family: Arial, Helvetica, sans-serif;\"> <\/span><\/p>\n<ul>\n<li><span style=\"font-family: Arial, Helvetica, sans-serif;\">Der Begriff Qualit\u00e4t wird in der Umgangssprache f\u00fcr eine \u00fcberlegene Beschaffenheit von Objekten benutzt, z.B. in der Bezeichnung &#8222;Qualit\u00e4tsprodukt&#8220;<\/span><\/li>\n<li><span style=\"font-family: Arial, Helvetica, sans-serif;\">Qualit\u00e4t ist die &#8222;Gesamtheit von Eigenschaften und Merkmalen eines Produkts oder einer T\u00e4tigkeit, die sich auf die Eignung zur Erf\u00fcllung gegebener Erfordernisse beziehen.&#8220; (so in Normen \u00fcber Qualit\u00e4t)<\/span><\/li>\n<\/ul>\n<p><span style=\"font-family: Arial, Helvetica, sans-serif;\">Somit gibt nicht eine, sondern      zwei Lichtqualit\u00e4ten, als inh\u00e4rente (innewohnende) Eigenschaft und      als Ma\u00df f\u00fcr Erf\u00fcllung gestellter Anforderungen. Wer von Qualit\u00e4t      von Licht spricht, kann eine dieser beiden Begriffe gemeint haben, aber auch      beide. Denn beide Begriffe sind f\u00fcr jemanden, der mit Licht und Architektur      umgeht, von enormer Bedeutung. <\/span><\/p>\n<p><span style=\"font-family: Arial, Helvetica, sans-serif;\">In diesem Forum soll die Diskussion \u00fcber Lichtqualit\u00e4t ausgetragen      werden. Sie hat im angels\u00e4chsischen Sprachraum wesentlich fr\u00fcher      eingesetzt als im deutschen. Vielleicht war die vergleichsweise geringe Qualit\u00e4t      der Beleuchtung (hier im Sinne einer \u00fcberlegenen Beschaffenheit) in diesen      L\u00e4ndern das Ausschlag gebende Motiv hierf\u00fcr gewesen. In den USA      wurde mit einem &#8222;lighting code&#8220; der erste Schritt von der rein ingenieurm\u00e4\u00dfigen      Betrachtung des Licht zu einer umfassenderen Betrachtungsweise getan. In CyberLux      sollen auch weiter gehende Schritte diskutiert werden. <\/span><\/p>\n","protected":false},"excerpt":{"rendered":"<p>Autor Ahmet Cakir Beitrag Muss man Dinge, die jeder kennt, auch noch im Internet diskutieren? Licht kennen wir doch (fast) alle. Dessen G\u00fctemerkmale sind bereits im Jahre 1935 recht umfassend festgelegt worden. Warum denn ein Forum Lichtqualit\u00e4t? Die Antwort ist trivial: <a href=\"http:\/\/www.lichtundgesundheit.de\/cyberlux\/?p=605\"> Read more&#8230;<\/a><\/p>\n","protected":false},"author":1,"featured_media":0,"comment_status":"open","ping_status":"open","sticky":false,"template":"","format":"standard","meta":{"footnotes":""},"categories":[1],"tags":[98,100,104,113,198,118],"class_list":["post-605","post","type-post","status-publish","format-standard","hentry","category-allgemein","tag-arbeit","tag-architektur","tag-cyberlux","tag-licht","tag-lichtqualitat","tag-normen"],"_links":{"self":[{"href":"http:\/\/www.lichtundgesundheit.de\/cyberlux\/index.php?rest_route=\/wp\/v2\/posts\/605","targetHints":{"allow":["GET"]}}],"collection":[{"href":"http:\/\/www.lichtundgesundheit.de\/cyberlux\/index.php?rest_route=\/wp\/v2\/posts"}],"about":[{"href":"http:\/\/www.lichtundgesundheit.de\/cyberlux\/index.php?rest_route=\/wp\/v2\/types\/post"}],"author":[{"embeddable":true,"href":"http:\/\/www.lichtundgesundheit.de\/cyberlux\/index.php?rest_route=\/wp\/v2\/users\/1"}],"replies":[{"embeddable":true,"href":"http:\/\/www.lichtundgesundheit.de\/cyberlux\/index.php?rest_route=%2Fwp%2Fv2%2Fcomments&post=605"}],"version-history":[{"count":0,"href":"http:\/\/www.lichtundgesundheit.de\/cyberlux\/index.php?rest_route=\/wp\/v2\/posts\/605\/revisions"}],"wp:attachment":[{"href":"http:\/\/www.lichtundgesundheit.de\/cyberlux\/index.php?rest_route=%2Fwp%2Fv2%2Fmedia&parent=605"}],"wp:term":[{"taxonomy":"category","embeddable":true,"href":"http:\/\/www.lichtundgesundheit.de\/cyberlux\/index.php?rest_route=%2Fwp%2Fv2%2Fcategories&post=605"},{"taxonomy":"post_tag","embeddable":true,"href":"http:\/\/www.lichtundgesundheit.de\/cyberlux\/index.php?rest_route=%2Fwp%2Fv2%2Ftags&post=605"}],"curies":[{"name":"wp","href":"https:\/\/api.w.org\/{rel}","templated":true}]}}