{"id":589,"date":"2009-07-23T16:00:45","date_gmt":"2009-07-23T14:00:45","guid":{"rendered":"http:\/\/localhost:8888\/wordpress\/?p=589"},"modified":"2009-10-21T16:25:00","modified_gmt":"2009-10-21T14:25:00","slug":"bewertbarkeit-von-licht-und-architektur","status":"publish","type":"post","link":"http:\/\/www.lichtundgesundheit.de\/cyberlux\/?p=589","title":{"rendered":"Bewertbarkeit von Licht und Architektur"},"content":{"rendered":"<h3>Autor<\/h3>\n<h2><span style=\"font-family: Arial, Helvetica, sans-serif; color: #cc9933;\">Michael Rohde und Mathilde Stanglmayr<\/span><\/h2>\n<p><span style=\"color: #cc9933;\"><span style=\"font-size: x-small;\"><span style=\"color: #000000;\">Vortrag bei der Konferenz<br \/>\n&#8222;Beleuchtung von Bildschirmarbeitspl\u00e4tzen &#8211; Neue Regelungen, neue      Konzepte, neue L\u00f6sungen&#8220;,<br \/>\n4.\/5. Oktober 2001, Berlin<br \/>\nVeranstalter: ERGONOMIC Institut<\/span><\/span><\/span><\/p>\n<h3>Kurzfassung<\/h3>\n<p>Der Beitrag setzt sich mit folgenden Aspekten auseinander:<\/p>\n<ul>\n<li><span style=\"font-family: Arial, Helvetica, sans-serif;\">Gibt es \u00fcbergeordnete Qualit\u00e4tsmerkmale      f\u00fcr Architektur und Licht?<\/span><\/li>\n<li><span style=\"font-family: Arial, Helvetica, sans-serif;\">Inwieweit korrelieren diese Qualit\u00e4tsmerkmale?<\/span><\/li>\n<li><span style=\"font-family: Arial, Helvetica, sans-serif;\">Welche Einfl\u00fcsse resultieren      aus den unterschiedlichen Interessen von Investor und sp\u00e4terem Geb\u00e4udenutzer?<\/span><\/li>\n<li><span style=\"font-family: Arial, Helvetica, sans-serif;\">Welche M\u00f6glichkeiten gibt      es, eine h\u00f6here Bauqualit\u00e4t zu erzielen, die zum Nutzen aller avanciert?<\/span><\/li>\n<li><span style=\"font-family: Arial, Helvetica, sans-serif;\">Ist eine h\u00f6here Bauqualit\u00e4t      finanzierbar, wann wird sie vom Investor angenommen?<\/span><\/li>\n<\/ul>\n<h3>Beitrag<\/h3>\n<p><span style=\"font-family: Arial, Helvetica, sans-serif;\"><strong>1 Situation und Fragestellung<\/strong><\/span><\/p>\n<p><span style=\"font-family: Arial, Helvetica, sans-serif;\"><em>&#8222;Mein Interesse ist            die Zukunft,<br \/>\ndenn in ihr werde ich mein weiteres Leben verbringen.&#8220;<br \/>\nCharles F. Kettering<\/em><\/span><\/p>\n<p><span style=\"font-family: Arial, Helvetica, sans-serif;\">Sind Investoren, Bauherren            und Nutzer bereit, eine h\u00f6here Qualit\u00e4t zu finanzieren ? In            den Jahren des Booms ab 1990 sah es so aus, als w\u00fcrde der Markt,            z. B. f\u00fcr B\u00fcroimmobilien, auch einfache standardisierte Qualit\u00e4t            aufnehmen, sp\u00e4testens seit 1995 hat sich das ge\u00e4ndert. Mit            Ausnahme von M\u00fcnchen und Frankfurt ist die Nachfrage nach B\u00fcroimmobilien            stark zur\u00fcckgegangen. Mehr als eine Mio m2 B\u00fcrofl\u00e4che            stehen in Berlin leer, die H\u00e4lfte davon Neubau.<\/span><\/p>\n<p><span style=\"font-family: Arial, Helvetica, sans-serif;\">Es gibt einen hohen Bedarf            an Konzepten, mit denen die geringe Zahl von Nachfragern f\u00fcr eine            Nutzung der Geb\u00e4ude gewonnen werden kann. Die Nutzer achten zunehmend            auf Gestaltung, Gesundheit und Wohlbefinden. Sind Architektur und Licht            zwei Parameter, die heute und in Zukunft entscheidend f\u00fcr den Vermietungserfolg            sind ?<\/span><\/p>\n<p><span style=\"font-family: Arial, Helvetica, sans-serif;\"><strong><br \/>\n2 Qualit\u00e4t von Architektur und Licht<br \/>\n2.1 Licht und Material\/Raum<\/strong><\/span><\/p>\n<p><span style=\"font-family: Arial, Helvetica, sans-serif;\"><em>&#8222;There is no Architecture            without Light&#8220;<br \/>\nJ.M. Waldram<\/em><\/span><\/p>\n<p><span style=\"font-family: Arial, Helvetica, sans-serif;\">Das Zitat von Waldram bringt            die Sache auf den Punkt!<\/span><\/p>\n<p><span style=\"font-family: Arial, Helvetica, sans-serif;\">Licht, Material und Raum            stehen immer im Dialog. Dabei spielt es zun\u00e4chst keine Rolle, ob            es sich um Kunst- oder Tageslicht handelt.<\/span><\/p>\n<p><span style=\"font-family: Arial, Helvetica, sans-serif;\">Raum ist f\u00fcr den sehenden            Menschen in allererster Linie durch Licht wahrnehmbar. Nicht mehr nur            die Quantit\u00e4t, sondern vor allem die Lichtqualit\u00e4t steht im            Vordergrund des Interesses.<\/span><\/p>\n<p><span style=\"font-family: Arial, Helvetica, sans-serif;\"><br \/>\n<strong>2.2 Gute Beleuchtungsqualit\u00e4t muss nicht teuer sein<\/strong><\/span><\/p>\n<p>Eine hochwertige Lichtqualit\u00e4t ist zun\u00e4chst abh\u00e4ngig            vom Konzept und vor allem von einer guten &#8222;Idee&#8220;.<\/p>\n<p><span style=\"font-family: Arial, Helvetica, sans-serif;\">Gutes Licht steht nicht ausschliesslich            in direktem Zusammenhang mit der H\u00f6he eines verf\u00fcgbaren Budgets            f\u00fcr Beleuchtung, gleichwohl steht fest, dass eine &#8222;volle Geldb\u00f6rse&#8220;            vieles erleichtern kann.<\/span><\/p>\n<p><span style=\"font-family: Arial, Helvetica, sans-serif;\"><br \/>\n<strong>2.3 Lichtqualit\u00e4t f\u00fcr bestehende Architektur<\/strong><\/span><\/p>\n<p>Image und vor allem Umfeldverbesserungen k\u00f6nnen durch Anstrahlung            bzw. Inszenierung von bereits existierenden Geb\u00e4uden erreicht werden.            Beispiele mit &#8222;Vorher-\/Nachhersituationen&#8220; zeigen, wie man            den &#8222;Genius Loci&#8220; eines Ortes herausarbeiten kann.<\/p>\n<p><span style=\"font-family: Arial, Helvetica, sans-serif;\"><strong><br \/>\n2.4 Lichtqualit\u00e4t f\u00fcr neue Architektur<\/strong><\/span><\/p>\n<p>Bei der Konzeption von neuen Geb\u00e4uden mit wertigem Anspruch ist            Architektur und Licht mit der besonderen Wirkung nach &#8222;Innen und            Aussen&#8220; integraler Bestandteil des gesamten Konzeptes.<\/p>\n<p><span style=\"font-family: Arial, Helvetica, sans-serif;\"><br \/>\n<strong>2.5 &#8222;Lichtwettbewerbe&#8220; als Werkzeuge, zur Verbesserung            der Lichtqualit\u00e4t<\/strong><\/span><\/p>\n<p>Was in der Architektur seit langem \u00fcblich ist, wird in der Zukunft            auch in der Lichtplanung &#8222;Alltag&#8220; werden und die Qualit\u00e4t            weiter heben.<\/p>\n<p><span style=\"font-family: Arial, Helvetica, sans-serif;\"><br \/>\n<strong>3 Interessen der Investoren und Nutzer<\/strong><\/span><\/p>\n<p>Der hohe Konkurrenzdruck am Markt erzeugt einen Bedarf an besseren Qualit\u00e4ten.            Qualit\u00e4t hat mehrere Dimensionen:<\/p>\n<ul>\n<li><span style=\"font-family: Arial, Helvetica, sans-serif;\">Eine eindeutige klare              Gestalt<\/span><\/li>\n<li><span style=\"font-family: Arial, Helvetica, sans-serif;\">Ein ausgewogenes Kosten-              und Nutzenverh\u00e4ltnis<\/span><\/li>\n<li><span style=\"font-family: Arial, Helvetica, sans-serif;\">Eine einfache Handhabbarkeit              und Funktionalit\u00e4t<\/span><\/li>\n<li><span style=\"font-family: Arial, Helvetica, sans-serif;\">Eine gute Qualit\u00e4t              der Gestaltung auf mehreren Ebenen<\/span><\/li>\n<li><span style=\"font-family: Arial, Helvetica, sans-serif;\">Eine angemessene Nutzungsbreite              und Flexibilit\u00e4t, f\u00fcr Erfordernisse mehrerer Branchen<\/span><\/li>\n<li><span style=\"font-family: Arial, Helvetica, sans-serif;\">Eine ansprechende Anmutung,              Atmosph\u00e4re und gute Wirkung auf das Wohlbefinden<\/span><\/li>\n<\/ul>\n<p><span style=\"font-family: Arial, Helvetica, sans-serif;\">Dies ist sicherlich keine            abschlie\u00dfende Aufz\u00e4hlung. Allen Kriterien ist jedoch gemeinsam,            da\u00df sie eine breite Zustimmung finden und universell g\u00fcltig            sind.<\/span><\/p>\n<p><span style=\"font-family: Arial, Helvetica, sans-serif;\">Wir sind \u00fcberzeugt davon,            da\u00df sich qualitativ hochwertige Architektur- und Lichtkonzepte            immer mehr durchsetzen werden, sowohl im Neubau als auch im Bestand.            Voraussetzung daf\u00fcr ist eine breite Information der Bauherren und            Nutzer \u00fcber die Vorteile in der Gestaltung, in der Funktionalit\u00e4t            und in der Nutzen- und Kostenrelation.<\/span><\/p>\n<p><span style=\"font-family: Arial, Helvetica, sans-serif;\">Nach unseren Erfahrungen            ist der finanzielle Einsatz f\u00fcr gutes Licht vergleichsweise gering,            im Vergleich zur Wirkung, die damit erzielt wird.<\/span><\/p>\n<p><span style=\"font-family: Arial, Helvetica, sans-serif;\">Oder unternehmerisch formuliert:<br \/>\nDer zus\u00e4tzliche Nutzen einer Geldeinheit,<br \/>\ndie in Qualit\u00e4t von Licht investiert wird,<br \/>\nist um ein mehrfaches h\u00f6her<br \/>\nals bei alternativen Investitionsm\u00f6glichkeiten.<\/span><\/p>\n<p><span style=\"font-family: Arial, Helvetica, sans-serif;\">F\u00fcr Architektur gilt            dies im Allgemeinen nicht, ausser es handelt sich um gestalterisch ausgefeilte            Planungsl\u00f6sungen mit angemessenem Kosten- und Nutzenverh\u00e4ltnis.<\/span><\/p>\n<p><span style=\"font-family: Arial, Helvetica, sans-serif;\"><br \/>\n<strong>4 Resumee<\/strong><\/span><\/p>\n<p>Nach unseren Erfahrungen und unserer pers\u00f6nlichen \u00dcberzeugung            wird bei den heutigen Marktverh\u00e4ltnissen und zuk\u00fcnftigen Entwicklungen            eine h\u00f6here Qualit\u00e4t in Architektur und Licht finanziert und            umgesetzt.<\/p>\n<p><span style=\"font-family: Arial, Helvetica, sans-serif;\">H\u00f6here Qualit\u00e4t            wird sich durchsetzen, denn anspruchsvolle Lichtkonzepte haben eine            weit gr\u00f6\u00dfere Wirkung auf Geb\u00e4ude als andere Kostenarten            eines Bauwerks.<\/span><\/p>\n<p><span style=\"font-family: Arial, Helvetica, sans-serif;\">Beitrag in <a href=\"http:\/\/www.lichtundgesundheit.de\/cyberlux\/wp-content\/uploads\/2009\/07\/Rohdevortrag.pdf\" target=\"_blank\">Bildern<\/a> <\/span><\/p>\n<hr \/>\n<p style=\"text-align: center;\"><span style=\"font-family: Arial, Helvetica, sans-serif; font-size: x-small;\">\u00a9 2001 Dipl.-Ing.              Michael Rohde und Dipl.-Volkswirtin Mathilde Stanglmayr<\/span><\/p>\n","protected":false},"excerpt":{"rendered":"<p>Autor Michael Rohde und Mathilde Stanglmayr Vortrag bei der Konferenz &#8222;Beleuchtung von Bildschirmarbeitspl\u00e4tzen &#8211; Neue Regelungen, neue Konzepte, neue L\u00f6sungen&#8220;, 4.\/5. Oktober 2001, Berlin Veranstalter: ERGONOMIC Institut Kurzfassung Der Beitrag setzt sich mit folgenden Aspekten auseinander: Gibt es \u00fcbergeordnete Qualit\u00e4tsmerkmale f\u00fcr <a href=\"http:\/\/www.lichtundgesundheit.de\/cyberlux\/?p=589\"> Read more&#8230;<\/a><\/p>\n","protected":false},"author":1,"featured_media":0,"comment_status":"open","ping_status":"open","sticky":false,"template":"","format":"standard","meta":{"footnotes":""},"categories":[182,88,12],"tags":[98,100,102,107,113,198,217],"class_list":["post-589","post","type-post","status-publish","format-standard","hentry","category-qualitas2","category-licht-und-architektur","category-qualitas","tag-arbeit","tag-architektur","tag-cen","tag-ges","tag-licht","tag-lichtqualitat","tag-daylight"],"_links":{"self":[{"href":"http:\/\/www.lichtundgesundheit.de\/cyberlux\/index.php?rest_route=\/wp\/v2\/posts\/589","targetHints":{"allow":["GET"]}}],"collection":[{"href":"http:\/\/www.lichtundgesundheit.de\/cyberlux\/index.php?rest_route=\/wp\/v2\/posts"}],"about":[{"href":"http:\/\/www.lichtundgesundheit.de\/cyberlux\/index.php?rest_route=\/wp\/v2\/types\/post"}],"author":[{"embeddable":true,"href":"http:\/\/www.lichtundgesundheit.de\/cyberlux\/index.php?rest_route=\/wp\/v2\/users\/1"}],"replies":[{"embeddable":true,"href":"http:\/\/www.lichtundgesundheit.de\/cyberlux\/index.php?rest_route=%2Fwp%2Fv2%2Fcomments&post=589"}],"version-history":[{"count":4,"href":"http:\/\/www.lichtundgesundheit.de\/cyberlux\/index.php?rest_route=\/wp\/v2\/posts\/589\/revisions"}],"predecessor-version":[{"id":808,"href":"http:\/\/www.lichtundgesundheit.de\/cyberlux\/index.php?rest_route=\/wp\/v2\/posts\/589\/revisions\/808"}],"wp:attachment":[{"href":"http:\/\/www.lichtundgesundheit.de\/cyberlux\/index.php?rest_route=%2Fwp%2Fv2%2Fmedia&parent=589"}],"wp:term":[{"taxonomy":"category","embeddable":true,"href":"http:\/\/www.lichtundgesundheit.de\/cyberlux\/index.php?rest_route=%2Fwp%2Fv2%2Fcategories&post=589"},{"taxonomy":"post_tag","embeddable":true,"href":"http:\/\/www.lichtundgesundheit.de\/cyberlux\/index.php?rest_route=%2Fwp%2Fv2%2Ftags&post=589"}],"curies":[{"name":"wp","href":"https:\/\/api.w.org\/{rel}","templated":true}]}}