{"id":518,"date":"2009-07-23T16:09:04","date_gmt":"2009-07-23T14:09:04","guid":{"rendered":"http:\/\/localhost:8888\/wordpress\/?p=518"},"modified":"2009-07-23T16:09:04","modified_gmt":"2009-07-23T14:09:04","slug":"licht-und-architektur-2","status":"publish","type":"post","link":"http:\/\/www.lichtundgesundheit.de\/cyberlux\/?p=518","title":{"rendered":"Licht und Architektur &#8211; Einf\u00fchrung"},"content":{"rendered":"<h3>Autor<\/h3>\n<h2>Ahmet Cakir<\/h2>\n<h3>Beitrag<\/h3>\n<p>Die Diskussion hier ist allen Aspekten gewidmet, die das Zusammenwirken von Licht und Architektur beschreiben.<\/p>\n<p>Von allen Wahrnehmungsm\u00f6glichkeiten f\u00fcr die erbaute Umwelt, Riechen, Ber\u00fchren, H\u00f6ren und Sehen, spricht die Architektur das Sehen vornehmlich an. Der Raum wird durch \u00e4sthetische Anwendung von Licht und Beleuchtung f\u00fcr den Menschen wahrnehmbar gemacht.<\/p>\n<p>K\u00fcnstliche Beleuchtung hat die Entwicklung menschlichen Lebens aus den H\u00f6hlen der Steinzeit bis in die Raumstationen von heute begleitet. Das Licht der Sonne und seine harmonische Erg\u00e4nzung durch k\u00fcnstliches Licht hat f\u00fcr Jahrhunderte eine Herausforderung f\u00fcr die Architektur gebildet, die heute wieder im Vordergrund steht. Beispielsweise hat der neue Flughafen von Hong Kong w\u00e4hrend seiner katastrophalen Er\u00f6ffnungstage die meisten der Flugg\u00e4ste mit seiner Lichtarchitektur begeistert. Und Kirchen und sonstige Tempel der Religionen beeindrucken ihre Besucher am st\u00e4rksten durch ihre Beleuchtungseffekte. Selbst das absichtliche Weglassen von Licht oder Helligkeit in bestimmten Bereichen dient der optischen Gestaltung unserer Umwelt.<\/p>\n<p>F\u00fcr etwa 10.000 Jahre der Geschichte war &#8222;gute&#8220; Architektur stets mit optimaler Nutzung von Tageslicht verbunden und musste auch Wege zur Vermeidung unerw\u00fcnschter Nebeneffekte aufzeigen. F\u00fcr die letzten 50 Jahre hatten aber die meisten Architekten die Sonne als zentralen Punkt des Weltalls aus der Sicht unseres Lebens vergessen. Heute bedeutet Licht und Architektur sowohl Freiheit von dem zeitweilig unberechenbaren und unkontrollierbaren Sonnenlicht als auch Ernten der Vorteile, die die Quelle des Lebens bietet. Sinnvolle Tageslichtnutzung erm\u00f6glicht es dem Architekten Umgebungen zu schaffen, mit Eigenschaften, wie sie sie nie ohne hohen Kostenaufwand erzielen k\u00f6nnen.<\/p>\n<p>Naturgem\u00e4\u00df gibt es viele Umgebungen, die eine perfekte Kontrolle \u00fcber Licht erfordern, z.B. nach Menge, Richtung, Farbe etc., und daher eine vollst\u00e4ndige Unabh\u00e4ngigkeit vom Tageslicht erfordern. F\u00fcr die meisten F\u00e4lle k\u00f6nnen wir aber Arbeitsr\u00e4ume schaffen, die bis zu 90% der \u00fcblichen Arbeitszeiten ohne einen einzigen Strahl k\u00fcnstlichen Lichts auskommen k\u00f6nnen.<\/p>\n<p>F\u00fcr mehr als ein halbes Jahrhundert zeichnete sich das Verh\u00e4ltnis zwischen Architekten und Lichttechnikern durch gegenseitige Verst\u00e4ndigungsschwierigkeiten aus. Der wichtigste Grund hierf\u00fcr bestand in der Interessenlage jeder Gruppe. Wenn es uns gelingt, das Augenmerk beider auf die Interessenlage der Benutzer und deren W\u00fcnsche und Vorstellungen bez\u00fcglich ihrer Lebens- und Arbeitsumgebung zu lenken, denen man nur gemeinsam gen\u00fcgen kann, k\u00f6nnten wir das Verst\u00e4ndigungsproblem der Vergangenheit vielleicht l\u00f6sen.<\/p>\n","protected":false},"excerpt":{"rendered":"<p>Autor Ahmet Cakir Beitrag Die Diskussion hier ist allen Aspekten gewidmet, die das Zusammenwirken von Licht und Architektur beschreiben. Von allen Wahrnehmungsm\u00f6glichkeiten f\u00fcr die erbaute Umwelt, Riechen, Ber\u00fchren, H\u00f6ren und Sehen, spricht die Architektur das Sehen vornehmlich an. Der Raum wird <a href=\"http:\/\/www.lichtundgesundheit.de\/cyberlux\/?p=518\"> Read more&#8230;<\/a><\/p>\n","protected":false},"author":1,"featured_media":0,"comment_status":"open","ping_status":"open","sticky":false,"template":"","format":"standard","meta":{"footnotes":""},"categories":[88],"tags":[98,100,113,217],"class_list":["post-518","post","type-post","status-publish","format-standard","hentry","category-licht-und-architektur","tag-arbeit","tag-architektur","tag-licht","tag-daylight"],"_links":{"self":[{"href":"http:\/\/www.lichtundgesundheit.de\/cyberlux\/index.php?rest_route=\/wp\/v2\/posts\/518","targetHints":{"allow":["GET"]}}],"collection":[{"href":"http:\/\/www.lichtundgesundheit.de\/cyberlux\/index.php?rest_route=\/wp\/v2\/posts"}],"about":[{"href":"http:\/\/www.lichtundgesundheit.de\/cyberlux\/index.php?rest_route=\/wp\/v2\/types\/post"}],"author":[{"embeddable":true,"href":"http:\/\/www.lichtundgesundheit.de\/cyberlux\/index.php?rest_route=\/wp\/v2\/users\/1"}],"replies":[{"embeddable":true,"href":"http:\/\/www.lichtundgesundheit.de\/cyberlux\/index.php?rest_route=%2Fwp%2Fv2%2Fcomments&post=518"}],"version-history":[{"count":0,"href":"http:\/\/www.lichtundgesundheit.de\/cyberlux\/index.php?rest_route=\/wp\/v2\/posts\/518\/revisions"}],"wp:attachment":[{"href":"http:\/\/www.lichtundgesundheit.de\/cyberlux\/index.php?rest_route=%2Fwp%2Fv2%2Fmedia&parent=518"}],"wp:term":[{"taxonomy":"category","embeddable":true,"href":"http:\/\/www.lichtundgesundheit.de\/cyberlux\/index.php?rest_route=%2Fwp%2Fv2%2Fcategories&post=518"},{"taxonomy":"post_tag","embeddable":true,"href":"http:\/\/www.lichtundgesundheit.de\/cyberlux\/index.php?rest_route=%2Fwp%2Fv2%2Ftags&post=518"}],"curies":[{"name":"wp","href":"https:\/\/api.w.org\/{rel}","templated":true}]}}