{"id":505,"date":"2009-07-22T21:43:35","date_gmt":"2009-07-22T19:43:35","guid":{"rendered":"http:\/\/localhost:8888\/wordpress\/?p=505"},"modified":"2009-10-21T16:43:59","modified_gmt":"2009-10-21T14:43:59","slug":"vergleichende-feldversuche-fur-kombinierte-tageslicht-%e2%80%93-kunstlicht-%e2%80%93-systeme","status":"publish","type":"post","link":"http:\/\/www.lichtundgesundheit.de\/cyberlux\/?p=505","title":{"rendered":"Vergleichende Feldversuche f\u00fcr kombinierte Tageslicht \u2013 Kunstlicht \u2013 Systeme"},"content":{"rendered":"<h3>Autor<\/h3>\n<h2><span style=\"font-family: Arial, Helvetica, sans-serif;\"> Helmut F.O. M\u00fcller<\/span><\/h2>\n<h3>Kurzfassung<\/h3>\n<p><span style=\"font-family: Arial, Helvetica, sans-serif;\">Um eine Reduktion des Gesamtenergieverbrauches in Geb\u00e4uden zu erreichen und den Nutzerkomfort in B\u00fcror\u00e4umen zu erh\u00f6hen, m\u00fcssen Tageslicht, Sonnenschutz und Kunstlicht optimal miteinander kombiniert werden.<\/span><\/p>\n<p><span style=\"font-family: Arial, Helvetica, sans-serif;\">Im Rahmen des Verbundprojektes \u201eLicht in B\u00fcror\u00e4umen \u2013 Sonnenschutz &#8211; Vergleich innovativer Systeme\u201c wurden 6 neuartige Fassadentechnologien innerhalb einer s\u00fcdwest-orientierten Fassade des Institutsgeb\u00e4udes installiert. Im Rahmen des Feldversuches k\u00f6nnen alle Systeme unter nat\u00fcrlichen Randbedingungen zeitgleich innerhalb eines Jahres verschattungsfrei getestet werden.<\/span><\/p>\n<p><span style=\"font-family: Arial, Helvetica, sans-serif;\"><br \/>\n<\/span><\/p>\n<h3>Beitrag<\/h3>\n<p><span style=\"font-family: Arial, Helvetica, sans-serif;\"><strong>Aufgabenstellung<\/strong><\/span><\/p>\n<p><span style=\"font-family: Arial, Helvetica, sans-serif;\">Im Rahmen des Verbundprojektes \u201eLicht in B\u00fcror\u00e4umen \u2013 Sonnenschutz &#8211; Vergleich innovativer Systeme\u201c wurden 6 neuartige Fassadentechnologien innerhalb einer s\u00fcdwest-orientierten Fassade des Institutsgeb\u00e4udes installiert. Im Rahmen des Feldversuches k\u00f6nnen alle Systeme unter nat\u00fcrlichen Randbedingungen zeitgleich innerhalb eines Jahres verschattungsfrei getestet werden.<\/span><\/p>\n<p><span style=\"font-family: Arial, Helvetica, sans-serif;\"><strong>Fassadensysteme<\/strong><\/span><span style=\"font-family: Arial,Helvetica,sans-serif;\"> Alle Fassadensysteme sollen bei effizientem thermischem Sonnenschutz gegen Raum\u00fcberhitzung bzw. hohe K\u00fchllasten zugleich eine gute Tageslichtbeleuchtung sicherstellen. Im einzelnen werden folgende Systeme gepr\u00fcft:<\/span><\/p>\n<p><span style=\"font-family: Arial,Helvetica,sans-serif;\">\u2022 <\/span><span style=\"font-family: Arial,Helvetica,sans-serif;\">Sonnenschutz mit konzentrierenden Hologrammen und Photovoltaik<br \/>\n\u2022 Lichtlenkglas im Oberlicht<br \/>\n\u2022 Referenzraum, Au\u00dfenjalousie mit waagerechten Lamellen im Oberlichtbereich<br \/>\n\u2022 Winkelselektive Holographisch-optische Elemente<br \/>\n\u2022 Elektrochromes Glas<br \/>\n\u2022 Zweigeteilte unabh\u00e4ngig steuerbare Au\u00dfenjalousie mit tageslichtoptimierten Lamellen<\/span><\/p>\n<p><span style=\"font-family: Arial, Helvetica, sans-serif;\">Die k\u00fcnstliche Beleuchtung erfolgt \u00fcber drei Pendelleuchten (je 2*49 W) mit elektronischem Vorschaltger\u00e4t (1-10 V) und integriertem Lichtsensor. Die Steuerung der Jalousien und der Beleuchtung erfolgt \u00fcber den Europ\u00e4ischen Installations Bus (EIB) in Abh\u00e4ngigkeit von der Au\u00dfenbeleuchtungsst\u00e4rke und der Beleuchtung der Arbeitspl\u00e4tze. Die ELVIS-Software [1] erm\u00f6glicht eine nutzerspezifische Steuerung \u00fcber ein visuelles Panel am PC.<\/span><\/p>\n<p><span style=\"font-family: Arial, Helvetica, sans-serif;\"><strong>Untersuchungsmethoden<\/strong><\/span><span style=\"font-family: Arial, Helvetica, sans-serif;\"> Innerhalb eines Jahreszyklussees werden in den vier Jahreszeiten Messungen bei klarem und bedecktem Himmel f\u00fcr jedes System durchgef\u00fchrt. Dabei werden die folgenden Aspekte untersucht:<\/span><\/p>\n<p><span style=\"font-family: Arial, Helvetica, sans-serif;\">\u2022 <\/span><span style=\"font-family: Arial, Helvetica, sans-serif;\">Wetterbedingungen (Beleuchtungsst\u00e4rken, Leuchtdichte und Sonnenstand)<br \/>\n\u2022 <\/span><span style=\"font-family: Arial, Helvetica, sans-serif;\">Lang- und Kurzzeitbeobachtungen von Tageslichtbedingungen<br \/>\n\u2022 <\/span><span style=\"font-family: Arial, Helvetica, sans-serif;\">Tageslichtverteilung und Beleuchtungsst\u00e4rke an den W\u00e4nden, der Decke und Arbeitsebene<br \/>\n\u2022 <\/span><span style=\"font-family: Arial, Helvetica, sans-serif;\">Messung der Leuchtdichte der Messr\u00e4ume mit einer CCD-Kamera [2]<br \/>\n\u2022 <\/span><span style=\"font-family: Arial, Helvetica, sans-serif;\">Bidirektionale Messungen von neuen Lichtlenksystemen in Kooperation mit anderen Instituten zur Entwicklung von Modulen zur Lichtsimulation in Radiance [3]<br \/>\n\u2022 <\/span><span style=\"font-family: Arial, Helvetica, sans-serif;\">Solare W\u00e4rmegewinne der Fassadensysteme mit Hilfe von thermographischen Messungen und Untersuchung von Oberfl\u00e4chentemperaturen<br \/>\n\u2022 <\/span><span style=\"font-family: Arial, Helvetica, sans-serif;\">Nutzerverhalten und Nutzerzufriedenheit mit Hilfe von Befragungen bez\u00fcglich der Beleuchtungsqualit\u00e4t, Blendung und visuellem Komfort.<\/span><\/p>\n<p><span style=\"font-family: Arial, Helvetica, sans-serif;\"><strong>Erste Messergebnisse<\/strong><br \/>\nErste Messergebnisse zum Vergleich der Tageslichtbeleuchtung bei geschlossenem Sonnenschutz zeigen aufschlussreiche Unterschiede. Parallel zu den Beleuchtungsst\u00e4rke- und Leuchtdichtemessungen werden Berechnungsverfahren weiterentwickelt und verifiziert. Erste Erbenisse zeigen eine gute \u00dcbereinstimmung. Die Berechnung des j\u00e4hrlichen Stromverbrauches f\u00fcr die Beleuchtung zeigt eine deutliche Abweichung vom Normrechnenverfahren (DIN 5034). Nutzerbefragungen parallel zu den Messungen haben gerade begonnen.<\/span><\/p>\n<p><span style=\"font-family: Arial, Helvetica, sans-serif;\"><strong>Literatur- bzw. Quellenhinweise:<\/strong><br \/>\n[1] ELVIS \u2013 Software zur Visualisierung des Europ\u00e4ischen Installations Bus (EIB), www.it-gmbh.de<br \/>\n[2] TechnoTeam Bildverarbeitung GmbH, www.technoteam.de<br \/>\n[3] Greg Ward, Lawrence Berkeley National Laboratories, radsite.lbl.gov<\/span><\/p>\n<p><span style=\"font-family: Arial, Helvetica, sans-serif;\"><strong>Den gesamten illustrierten Beitrag k\u00f6nnen Sie\u00a0<a href=\"http:\/\/www.lichtundgesundheit.de\/cyberlux\/wp-content\/uploads\/2009\/07\/mueller_beitrag.pdf\" target=\"_blank\">hier<\/a> als PDF-Datei einsehen.<\/strong><\/span><\/p>\n<hr \/>\n<p><span style=\"font-family: Arial, Helvetica, sans-serif; font-size: x-small;\">\u00a9 2002 <\/span><span style=\"font-family: Arial, Helvetica, sans-serif; color: #000000; font-size: x-small;\">Prof. Dr.-Ing. Helmut F.O. M\u00fcller<\/span><\/p>\n","protected":false},"excerpt":{"rendered":"<p>Autor Helmut F.O. M\u00fcller Kurzfassung Um eine Reduktion des Gesamtenergieverbrauches in Geb\u00e4uden zu erreichen und den Nutzerkomfort in B\u00fcror\u00e4umen zu erh\u00f6hen, m\u00fcssen Tageslicht, Sonnenschutz und Kunstlicht optimal miteinander kombiniert werden. Im Rahmen des Verbundprojektes \u201eLicht in B\u00fcror\u00e4umen \u2013 Sonnenschutz &#8211; Vergleich <a href=\"http:\/\/www.lichtundgesundheit.de\/cyberlux\/?p=505\"> Read more&#8230;<\/a><\/p>\n","protected":false},"author":1,"featured_media":0,"comment_status":"open","ping_status":"open","sticky":false,"template":"","format":"standard","meta":{"footnotes":""},"categories":[168,183,143],"tags":[98,107,113,121,217],"class_list":["post-505","post","type-post","status-publish","format-standard","hentry","category-kombinierte-lichtsysteme","category-kombisystem","category-produkte-und-technologien","tag-arbeit","tag-ges","tag-licht","tag-sonnenschutz","tag-daylight"],"_links":{"self":[{"href":"http:\/\/www.lichtundgesundheit.de\/cyberlux\/index.php?rest_route=\/wp\/v2\/posts\/505","targetHints":{"allow":["GET"]}}],"collection":[{"href":"http:\/\/www.lichtundgesundheit.de\/cyberlux\/index.php?rest_route=\/wp\/v2\/posts"}],"about":[{"href":"http:\/\/www.lichtundgesundheit.de\/cyberlux\/index.php?rest_route=\/wp\/v2\/types\/post"}],"author":[{"embeddable":true,"href":"http:\/\/www.lichtundgesundheit.de\/cyberlux\/index.php?rest_route=\/wp\/v2\/users\/1"}],"replies":[{"embeddable":true,"href":"http:\/\/www.lichtundgesundheit.de\/cyberlux\/index.php?rest_route=%2Fwp%2Fv2%2Fcomments&post=505"}],"version-history":[{"count":7,"href":"http:\/\/www.lichtundgesundheit.de\/cyberlux\/index.php?rest_route=\/wp\/v2\/posts\/505\/revisions"}],"predecessor-version":[{"id":821,"href":"http:\/\/www.lichtundgesundheit.de\/cyberlux\/index.php?rest_route=\/wp\/v2\/posts\/505\/revisions\/821"}],"wp:attachment":[{"href":"http:\/\/www.lichtundgesundheit.de\/cyberlux\/index.php?rest_route=%2Fwp%2Fv2%2Fmedia&parent=505"}],"wp:term":[{"taxonomy":"category","embeddable":true,"href":"http:\/\/www.lichtundgesundheit.de\/cyberlux\/index.php?rest_route=%2Fwp%2Fv2%2Fcategories&post=505"},{"taxonomy":"post_tag","embeddable":true,"href":"http:\/\/www.lichtundgesundheit.de\/cyberlux\/index.php?rest_route=%2Fwp%2Fv2%2Ftags&post=505"}],"curies":[{"name":"wp","href":"https:\/\/api.w.org\/{rel}","templated":true}]}}