{"id":466,"date":"2009-07-22T20:22:56","date_gmt":"2009-07-22T18:22:56","guid":{"rendered":"http:\/\/localhost:8888\/wordpress\/?p=466"},"modified":"2009-10-21T22:26:12","modified_gmt":"2009-10-21T20:26:12","slug":"daylighting-in-schools","status":"publish","type":"post","link":"http:\/\/www.lichtundgesundheit.de\/cyberlux\/?p=466","title":{"rendered":"Daylighting in Schools"},"content":{"rendered":"<h3>Autor<\/h3>\n<h2>Gisela Cakir<\/h2>\n<h3>Kurzfassung<\/h3>\n<p><span style=\"font-family: Arial, Verdana, sans-serif;\">Die      Studie &#8220; Daylighting in Schools &#8211; An Investigation into the Relationship      Between Daylighting and Human Performan <em> c<\/em> <em> e<\/em> &#8220; wurde von der <em> Heschong Mahone Group<\/em> in den USA mit dem Ziel erstellt, Erkenntnisse \u00fcber den Einfluss des      Tageslichts in Geb\u00e4uden auf die menschliche Leistung zu gewinnen. <\/span><\/p>\n<div><span style=\"font-family: Arial, Verdana, sans-serif;\"><a name=\"pgfId-891027\"><\/a>Die      Studie steht im engen Zusammenhang mit einer weiteren, parallel durchgef\u00fchrten      Untersuchung, bei der das Kaufverhalten im Einzelhandel in Abh\u00e4ngigkeit      vom Tageslicht untersucht wurde. Beide Studien zeigen, dass Tageslicht in      Geb\u00e4uden eine positive Wirkung auf menschliche Leistung haben, allerdings      wird deutlich gemacht, dass die Gr\u00fcnde daf\u00fcr nur vermutet werden      k\u00f6nnen. Es bedarf weiterer Forschung.<\/p>\n<p><\/span><\/div>\n<div><span style=\"font-family: Arial, Verdana, sans-serif;\"><a name=\"pgfId-891028\"><\/a>Die      Untersuchungen wurden in den Bereichen Schule und Einzelhandel durchgef\u00fchrt,      da hier \u00fcber einen ausreichend gro\u00dfen Zeitraum hinreichend gro\u00dfe      Datenbest\u00e4nde \u00fcber dort erbrachte Leistungen erfasst wurden, und      detaillierte Informationen \u00fcber die Geb\u00e4ude und den Betrieb der      Geb\u00e4ude vorlagen, die zudem jeweils zum wesentlichen Teil vergleichbar      waren.<\/p>\n<p><\/span><\/div>\n<div><span style=\"font-family: Arial, Verdana, sans-serif;\"><a name=\"pgfId-891029\"><\/a>Um      den Einfluss von Tageslicht von dem Einfluss der &#8222;Sichtverbindung nach      drau\u00dfen&#8220; zu trennen, kam der Bewertung von Oberlichtern eine besondere      Bedeutung zu, da hier der Einfluss der Sichtverbindung nach drau\u00dfen      entf\u00e4llt. Hierzu eigneten sich insbesondere die Daten der Schulen des      Capistrano Districts in Kalifornien, da dort in den Schulen ein breites Spektrum      an unterschiedlichen Fenstern sowie unterschiedlich gro\u00dfen Fensterfl\u00e4chen      und Oberlichtern vorhanden ist und zudem Leistungsdaten zu Beginn und am Ende      eines Schuljahres erhoben werden.<\/p>\n<p><\/span><\/div>\n<div><span style=\"font-family: Arial, Verdana, sans-serif;\"><a name=\"pgfId-891063\"><\/a>Der      Kurzbericht gibt einen \u00dcberblick \u00fcber die Hintergr\u00fcnde der      Untersuchung, die vorbereitenden Arbeiten, die Merkmale der ausgew\u00e4hlten      Standort und die \u00dcberlegungen f\u00fcr die statistischen Auswertungen      und stellt die Ergebnisse der Studie &#8222;Tageslicht in Schulen&#8220; zusammenfassend      dar. Dar\u00fcber hinaus werden die \u00dcberlegungen der <em> Heschong Mahone Group<\/em> \u00fcber die m\u00f6glichen Ursachen der positiven      Wirkung auf die schulische Leistung wiedergegeben.<\/span><\/div>\n<div><span style=\"font-family: Arial, Verdana, sans-serif;\"><br \/>\n<\/span><\/div>\n<h3>Beitrag<\/h3>\n<div>\n<h3><span style=\"font-family: Arial, Verdana, sans-serif;\">Daylighting in Schools<\/span><\/h3>\n<\/div>\n<div>\n<h3><span style=\"font-family: Arial, Verdana, sans-serif;\"><a name=\"pgfId-914791\"><\/a>&#8211;              Eine Untersuchung \u00fcber den Zusammenhang zwischen Tageslicht und              menschlicher Leistung<br \/>\nin verschiedenen Schulen der USA &#8211;<\/span><\/h3>\n<h3><span style=\"font-family: Arial, Verdana, sans-serif;\">Allgemeine Projektinformationen<\/span><\/h3>\n<div>\n<h4><span style=\"font-family: Arial, Verdana, sans-serif;\"><a name=\"pgfId-938987\"><\/a>Verantwortliches        Unternehmen<\/span><\/h4>\n<p><span style=\"font-family: Arial, Verdana, sans-serif;\"><a name=\"pgfId-887105\"><\/a>Die        Untersuchung wurde von der Heschong Mahone Group, einer Gruppe aus Architekten        und Ingenieuren, mit Sitz in Fair Oaks in Kalifornien, USA, durchgef\u00fchrt.        Dieses Unternehmen befasst sich insbesondere mit Fragen der Energieeffizienz        von Geb\u00e4uden und hatte bereits vor dieser Untersuchung das Projekt        &#8222;Helle Schulen&#8220; f\u00fcr kalifornische Schulen durchgef\u00fchrt.        Das Unternehmen befasst sich insbesondere auch mit grunds\u00e4tzlichen        Fragen zu Oberlichtern und mit Planungsfragen.<\/span><\/div>\n<div>\n<h4><span style=\"font-family: Arial, Verdana, sans-serif;\"> <a name=\"pgfId-887993\"><\/a>Beteiligte Unternehmen<\/span><\/h4>\n<p><span style=\"font-family: Arial, Verdana, sans-serif;\"><a name=\"pgfId-887994\"><\/a>In        das Projekt wurden f\u00fcr die statistischen Arbeiten und Tageslichtuntersuchungen        weitere Unternehmen als Unterauftragnehmer mit spezifischen Kenntnissen        eingebunden.<\/span><\/div>\n<div>\n<h4><span style=\"font-family: Arial, Verdana, sans-serif;\"> <a name=\"pgfId-887164\"><\/a>Auftraggeber und Verwaltung<\/span><\/h4>\n<p><span style=\"font-family: Arial, Verdana, sans-serif;\"><a name=\"pgfId-887139\"><\/a>Der        Auftrag f\u00fcr das Projekt erfolgte von dem &#8222;California Board for        Energy Efficiency&#8220; im Rahmen eines F\u00f6rderprogramms. Das Projekt        wurde von &#8222;Pacific Gas and Electric&#8220; verwaltet.<\/span><\/div>\n<div>\n<h4><span style=\"font-family: Arial, Verdana, sans-serif;\"> <a name=\"pgfId-887205\"><\/a>Ver\u00f6ffentlichung und Bekanntheitsgrad<\/span><\/h4>\n<p><span style=\"font-family: Arial, Verdana, sans-serif;\"><a name=\"pgfId-887137\"><\/a>Die        Ergebnisse wurden offenbar auf breiter Basis der Presse vorgestellt. Heute        finden sich im US-amerikanischen Raum von den verschiedensten Organisationen,        Wissenschaftlern und Unternehmen zahlreiche Hinweise auf das Projekt im        Internet und in der Presse. Zudem wird auf den Untersuchungsbericht auch        bereits in anderen Berichten hingewiesen.<\/span><\/div>\n<div>\n<h4><span style=\"font-family: Arial, Verdana, sans-serif;\"> <a name=\"pgfId-889198\"><\/a>Anlass <\/span><\/h4>\n<p><span style=\"font-family: Arial, Verdana, sans-serif;\"><a name=\"pgfId-889326\"><\/a>In        den USA wurden in den sechziger Jahren in einigen Staaten, insbesondere        in Kalifornien, aus verschiedenen Gr\u00fcnden sehr viele Schulen ohne Fenster        bzw. mit geringem Fensteranteil gebaut. Eine Diskussion entfachte sich in        den siebziger und achtziger Jahren aus Gr\u00fcnden des psychischen und        physischen Wohlbefindens, daran anschlie\u00dfend auch aus energetischen        \u00dcberlegungen. Eine neue Dimension erhielt die Thematik durch Aussagen,        dass Tageslicht die menschliche Leistung f\u00f6rdere, so z.B. in Schulen:<\/span><\/div>\n<div>\n<h4><span style=\"font-family: Arial, Verdana, sans-serif;\"> <a name=\"pgfId-889327\"><\/a>\u00c4hnliche Studien <\/span><\/h4>\n<ul>\n<li> <span style=\"font-family: Arial, Verdana, sans-serif;\"><a name=\"pgfId-887363\"><\/a>Nicklas,          M. and G. Bailey, &#8222;<a href=\"http:\/\/www.innovativedesign.net\/studentperformance.htm\" target=\"_blank\">Analysis of the Performance of Students in Daylit          Schools<\/a>,&#8220; Proc. of the 1997 Annual Conference, ASES<\/span><\/li>\n<li> <span style=\"font-family: Arial, Verdana, sans-serif;\"><a name=\"pgfId-887311\"><\/a>Kuller,          R. and C. Lindsten, &#8222;Health and Behavior of Children in Classrooms          with and without Windows,&#8220; Journal of Environmental Psychology, 12,          pp. 305-317, 1992 (<a href=\"http:\/\/www.lichtundgesundheit.de\/Lichtundgesundheit\/Kuller_II.html\" target=\"_blank\">Zusammenfassung in Deutsch<\/a>)<\/span><\/li>\n<\/ul>\n<p><span style=\"font-family: Arial, Verdana, sans-serif;\"><a name=\"pgfId-887375\"><\/a>Zudem        belegte z.B. die Wal-Mart-Kette erh\u00f6hte Umsatzzahlen mit tageslichtbeleuchteten        Verkaufsr\u00e4umen.<\/span><\/p>\n<p><span style=\"font-family: Arial, Verdana, sans-serif;\"><a name=\"pgfId-889358\"><\/a>Dar\u00fcber        hinaus befassten sich zahlreiche Studien mit Energieeinsparungen durch Tageslichtsnutzung:        Es konnte gezeigt werden, die die Kosten f\u00fcr die Tageslichtma\u00dfnahmen        bald amortisiert haben bzw. amortisieren werden, so z.B.<\/span><\/p>\n<ul>\n<li> <span style=\"font-family: Arial, Verdana, sans-serif;\"><a name=\"pgfId-887344\"><\/a>Nicklas,          M. and G. Bailey, &#8222;Energy Performance of Daylit Schools in North          Carolina,&#8220; 1996<\/span><\/li>\n<li> <span style=\"font-family: Arial, Verdana, sans-serif;\"><a name=\"pgfId-887354\"><\/a>Nancy          Clanton, P.E., School Planning and Management, Lighting the Schools of          the Future, December 1999<\/span><\/li>\n<\/ul>\n<p><span style=\"font-family: Arial, Verdana, sans-serif;\"><a name=\"pgfId-887428\"><\/a>(s. hierzu:      Patricia Plympton, Susan Conway, Kyra Epstein: Daylighting in Schools: Improving      Student Performance and Health at a Price Schools Can Afford, National Renewable      Energy Laboratory, Golden, Colorado, USA, Presented at the American Solar      Energy Society Conference Madison, Wisconsin, June 16, 2000)<\/span><\/div>\n<div>\n<h4><span style=\"font-family: Arial, Verdana, sans-serif;\"> <a name=\"pgfId-889371\"><\/a>Hintergrund<\/span><\/h4>\n<p><span style=\"font-family: Arial, Verdana, sans-serif;\"><a name=\"pgfId-889385\"><\/a>All        diese Untersuchungen waren nur mit relativ kleinen Stichproben durchgef\u00fchrt        worden. Die <em> Heschong Mahone Group<\/em> wollte nun        mit einer breit angelegten Untersuchung die festgestellten Wirkungen detaillierter        untersuchen.<\/span><\/p>\n<h3><span style=\"font-family: Arial, Verdana, sans-serif;\">Beschreibung      der Vorgehensweise<\/span><\/h3>\n<div>\n<h4><span style=\"font-family: Arial, Verdana, sans-serif;\"><a name=\"pgfId-939744\"><\/a>Methodik<\/span><\/h4>\n<p><span style=\"font-family: Arial, Verdana, sans-serif;\"><a name=\"pgfId-887318\"><\/a>Eine        Untersuchung mit der Fragestellung, ob ein Zusammenhang zwischen Tageslicht        und menschlicher Leistung besteht, muss sehr sorgf\u00e4ltig angelegt werden,        da das Ergebnis von vielen Faktoren bestimmt wird. Schwierig ist dabei insbesondere        das Erfassen und Bewerten von Leistung. So sind z.B. die Leistungsmessungen        in Laborstudien h\u00e4ufig umstritten. Schwierig ist aber auch, dass Tageslicht        im allgemeinen zusammen mit einer Au\u00dfenwelt wahrgenommen wird.<\/span><\/p>\n<p><span style=\"font-family: Arial, Verdana, sans-serif;\"><a name=\"pgfId-887510\"><\/a>Im        Vorfeld einer derartigen Studie bedarf es daher insbesondere genauer \u00dcberlegungen        zur<\/span><\/p>\n<ul>\n<li> <span style=\"font-family: Arial, Verdana, sans-serif;\"><a name=\"pgfId-887515\"><\/a>Art          der ermittelten Leistung (Vergleichbarkeit, Messbarkeit)<\/span><\/li>\n<li> <span style=\"font-family: Arial, Verdana, sans-serif;\"><a name=\"pgfId-887517\"><\/a>Art          und Gr\u00f6\u00dfe der Stichprobe (Geb\u00e4ude und Personen)<\/span><\/li>\n<li> <span style=\"font-family: Arial, Verdana, sans-serif;\"><a name=\"pgfId-887518\"><\/a>der          Bereinigung von anderen Einflussgr\u00f6\u00dfen wie z.B. der Sichtverbindung          nach drau\u00dfen und sonstigen Umweltgr\u00f6\u00dfen wie Temperatur.          soziale Unterschiede, Einfluss des Lehrers etc.<\/span><\/li>\n<li> <span style=\"font-family: Arial, Verdana, sans-serif;\"><a name=\"pgfId-887548\"><\/a>der          Dauer des Untersuchungszeitraums<\/span><\/li>\n<\/ul>\n<p><span style=\"font-family: Arial, Verdana, sans-serif;\"><a name=\"pgfId-887522\"><\/a>aber        auch zu<\/span><\/p>\n<ul>\n<li> <span style=\"font-family: Arial, Verdana, sans-serif;\"><a name=\"pgfId-887536\"><\/a>den          statistischen Verfahren zur Auswertung.<\/span><\/li>\n<\/ul>\n<\/div>\n<div>\n<h4><span style=\"font-family: Arial, Verdana, sans-serif;\"><a name=\"pgfId-888505\"><\/a>Methodenbeschreibung<\/span><\/h4>\n<p><span style=\"font-family: Arial, Verdana, sans-serif;\"><a name=\"pgfId-889397\"><\/a>Die        Heschong-Mahone-Group beschreibt detailliert die vorbereitenden Arbeiten        und die Durchf\u00fchrung der Studie in ihrem Bericht. Besonderer Wert wird        auf die ausf\u00fchrliche Darstellung der Auswertung der Daten gelegt, wobei        auch, unter Angabe der jeweiligen statistischen Verfahren und ihrer Besonderheiten,        detailliert auf die Problematik der st\u00e4ndigen Kontrolle und Korrektur        der Modellans\u00e4tze und Variablen eingegangen wird. Um diesen Teil verstehen        zu k\u00f6nnen, bedarf es allerdings schon einer soliden Grundausbildung        in Statistik, so z.B. f\u00fcr die multivariate Regressionsanalyse.<\/span><\/p>\n<h3><span style=\"font-family: Arial, Verdana, sans-serif;\">Untersuchte      Schulen<\/span><\/h3>\n<div>\n<h4><span style=\"font-family: Arial, Verdana, sans-serif;\"><a name=\"pgfId-888639\"><\/a>Zur        Auswahl<\/span><\/h4>\n<p><span style=\"font-family: Arial, Verdana, sans-serif;\"><a name=\"pgfId-939781\"><\/a>Die        untersuchten Schulen geh\u00f6ren drei Schulverwaltungsbezirken an. In den        USA sind die Schulen Verwaltungsbezirken, sog. ,Distrikten&#8220;, zugeordnet,        die ihre schulischen Angelegenheiten zwar innerhalb der gesetzlichen Vorgaben,        ansonsten aber unabh\u00e4ngig gestalten k\u00f6nnen. Innerhalb dieser Distrikte        sind sowohl die organisatorischen als auch die geb\u00e4udetechnischen Vorgaben        \u00e4hnlich gehalten, so dass einigerma\u00dfen vergleichbare Situationen        bestehen. Dies war wichtig f\u00fcr die Untersuchung, da man aufgrund der        Komplexit\u00e4t der Fragestellung und der vielen Einflussgr\u00f6\u00dfen        eine ausreichend gro\u00dfe Stichprobe bei m\u00f6glichst wenig Parametern        ben\u00f6tigte.<\/span><\/div>\n<div>\n<h4><span style=\"font-family: Arial, Verdana, sans-serif;\"><a name=\"pgfId-888661\"><\/a>Standorte<\/span><\/h4>\n<p><span style=\"font-family: Arial, Verdana, sans-serif;\"><a name=\"pgfId-889404\"><\/a>Die        Schulbezirke wurden im Raum Los Angeles (Capistrano), Denver (Fort Collins)        und in Seattle (City) ausgesucht, also im Norden und S\u00fcden sowie in        der Mitte des eher westlichen Teil der USA. Damit wurde den klimatischen        Unterschieden im Westen der USA in etwa Rechnung getragen, f\u00fcr die        Mitte und den Osten hingegen fanden keine Untersuchungen statt. Die Geb\u00e4ude        unterschieden sich im wesentlichen wie folgt:<\/span><\/div>\n<div>\n<h4><span style=\"font-family: Arial, Verdana, sans-serif;\"><a name=\"pgfId-888691\"><\/a><em> Capistrano Unified School District <\/em> <\/span><\/h4>\n<p><span style=\"font-family: Arial, Verdana, sans-serif;\"><a name=\"pgfId-893176\"><\/a>Im        Capistrano District werden einst\u00f6ckige Grundschulgeb\u00e4ude mit stark        unterschiedlicher Fenster- und Oberlichterausstattung genutzt, wobei ein        Teil der Geb\u00e4ude transportabel ist. Die Geb\u00e4ude sind im allgemeinen        klimatisiert. Lichtschutzverrichtungen sind, soweit vorhanden, im wesentlichen        individuell regelbar. Dies gilt sowohl f\u00fcr Fenster als auch f\u00fcr        Oberlichter. Es wurden insgesamt zun\u00e4chst 27, sp\u00e4ter nur noch        24 Schulen in die Untersuchung einbezogen, neun davon mit Oberlichtern. <\/span><\/div>\n<div>\n<h4><span style=\"font-family: Arial, Verdana, sans-serif;\"><a name=\"pgfId-888700\"><\/a><em> Poudre School District in Fort Collins<\/em> <\/span><\/h4>\n<p><span style=\"font-family: Arial, Verdana, sans-serif;\"><a name=\"pgfId-893100\"><\/a>Der        Distrikt Fort Collins hat viele neu gebaute Schulen, bei denen Tageslicht        in die R\u00e4ume einf\u00e4llt, allerdings offenbar ohne dieses ausreichend        zu beherrschen. Der Tageslichteinfall erfolgt vorwiegend \u00fcber sogenannte        S\u00e4gezahn-Lichtb\u00e4nder. Teilweise sind keine geeigneten Lichtschutzvorrichtungen        vorhanden, teilweise sind diese defekt oder es fehlt das Wissen, diese zu        bedienen. Klimaanlagen wurden nicht genutzt. Insgesamt wurden 21 von urspr\u00fcnglich        23 vorgesehenen Schulen untersucht.<\/span><\/div>\n<div>\n<h4><span style=\"font-family: Arial, Verdana, sans-serif;\"><a name=\"pgfId-888704\"><\/a><em> Seattle City District<\/em> <\/span><\/h4>\n<p><span style=\"font-family: Arial, Verdana, sans-serif;\"><a name=\"pgfId-893138\"><\/a>Beim        Seattle District handelt sich hier um einen prim\u00e4r st\u00e4dtischen        Distrikt, in dem sich mehrst\u00f6ckige Schulgeb\u00e4ude unterschiedlichen        Alters befinden. Die Sch\u00fcleranzahl ist geringer als in Capistrano,        der Fl\u00e4chenanteil pro Sch\u00fcler ist erheblich gr\u00f6\u00dfer.        Aufgrund des Klimas sind anders als in Capistrano viele Aufenthaltsr\u00e4ume        vorhanden. R\u00e4ume mit Fenstern dominieren, nur wenige R\u00e4ume haben        kleine oder gar keine Fenster. Einige Schulen sind ,tageslicht-orientiert&#8220;        gebaut. Es wurden insgesamt Daten von 57 Schulen ausgewertet, von denen        aber nur in vier Schulen Tageslichteinfall von oben erfolgte und dies durch        stark unterschiedliche Techniken.<\/span><\/p>\n<p><strong>Erfasste      Daten<\/strong><\/p>\n<div>\n<h4><span style=\"font-family: Arial, Verdana, sans-serif;\"><a name=\"pgfId-939783\"><\/a>\u00dcbereinstimmung        Daten\/Geb\u00e4ude<\/span><\/h4>\n<p><span style=\"font-family: Arial, Verdana, sans-serif;\"><a name=\"pgfId-893209\"><\/a>Von        den Geb\u00e4uden in den drei Distrikten sind zwar weitgehend all technischen        Daten vorhanden gewesen, allerdings entsprachen diese nicht immer den Gegebenheiten,        sodass nachtr\u00e4gliche Korrekturen erforderlich wurden. Zudem ware technische        Einrichtungen teilweise nicht funktionst\u00fcchtig. Dies betraf die Klimatisierung        ebenso wie die Bedienung von Abschattungsvorrichtungen, das Verstellen bzw.        Bekleben von Fenstern oder der zus\u00e4tzliche Lichteinfall durch st\u00e4ndig        ge\u00f6ffnete T\u00fcren in Capistrano.<\/span><\/div>\n<div>\n<h4><span style=\"font-family: Arial, Verdana, sans-serif;\"><a name=\"pgfId-888811\"><\/a>Untersuchte        Populationen<\/span><\/h4>\n<p><span style=\"font-family: Arial, Verdana, sans-serif;\"><a name=\"pgfId-888812\"><\/a>F\u00fcr        die Studie wurden Grundschulen ausgesucht. Die Gr\u00fcnde hierf\u00fcr        waren zum einen die ungef\u00e4hr gleiche Ausstattung, der Unterricht in        vorwiegend ein- und demselben Raum mit ein- und demselben Lehrer und der        stark standardisierte Lehrplan, so dass die Anzahl der Parameter m\u00f6glichst        gering gehalten werden konnte. In die Studie wurden die Klassen zwei bis        f\u00fcnf einbezogen.<\/span><\/div>\n<div>\n<h4><span style=\"font-family: Arial, Verdana, sans-serif;\"><a name=\"pgfId-939752\"><\/a>Leistungsdaten<\/span><\/h4>\n<p><span style=\"font-family: Arial, Verdana, sans-serif;\"><a name=\"pgfId-889443\"><\/a>In        amerikanischen Schulen werden in st\u00e4rkerem Ma\u00dfe als bei uns Leistungsdaten        der Sch\u00fcler systematisch erfasst, verwaltet und ausgewertet. Dies ist        schon aus Gr\u00fcnden des in den USA \u00fcblichen Rankings erforderlich.        Die zugrunde gelegten Bewertungsverfahren sind nicht einheitlich und auch        nicht die Zeitpunkte der Bewertungen. So unterscheidet sich z.B. Capistrano        von Seattle und Fort Collins dahingehend, dass in Capistrano Bewertungen        \u00fcber das ganze Jahr erfolgen und in Seattle sowie in Fort Collins nur        am Ende des Schuljahrs. Aus diesem Grund und auch aufgrund der Tatsache,        dass sich alle Daten gut nutzen lie\u00dfen, war in Capistrano eine detaillierte        Untersuchung m\u00f6glich. So konnte hier auch fr\u00fchzeitig die multivariate        Regressionsanalyse genutzt werden, um geeignete Variablen herauszuarbeiten        und Bezugsmodelle aufzustellen. <\/span><\/p>\n<p><span style=\"font-family: Arial, Verdana, sans-serif;\"><a name=\"pgfId-891903\"><\/a>Da        nicht an allen Schulen die gleichen Bewertungsverfahren genutzt wurden,        wurden die Bewertungen normiert. <\/span><\/div>\n<div>\n<h4><span style=\"font-family: Arial, Verdana, sans-serif;\"><a name=\"pgfId-888810\"><\/a>Tats\u00e4chlich        genutzte Datenbest\u00e4nde<\/span><\/h4>\n<p><span style=\"font-family: Arial, Verdana, sans-serif;\"><a name=\"pgfId-888805\"><\/a>Nicht        alle ausgesuchten Schulen und Klassenr\u00e4ume waren f\u00fcr die Studie        geeignet. Und auch die Leistungsdaten mussten mehrfach bereinigt werden.        So konnten z.B. von urspr\u00fcnglich knapp 50.000 Leistungsdatens\u00e4tzen        letztendlich ,nur&#8220; 21.000 genutzt werden. <\/span><\/p>\n<p><span style=\"font-family: Arial, Verdana, sans-serif;\"><a name=\"pgfId-889467\"><\/a>In        den Schulen in Fort Collins konnte aufgrund der Daten keine Zuordnung der        Sch\u00fcler zu den Klassenr\u00e4umen erfolgen, so dass eine klassenbezogene        Auswertung wie in Seattle und Capistrano nicht m\u00f6glich war. Die Auswertung        erfolgte daher auf Schulebene.<\/span><\/p>\n<p><span style=\"font-family: Arial, Verdana, sans-serif;\"><a name=\"pgfId-889468\"><\/a>Ingesamt        wurden die in der Tabelle angef\u00fchrten Datenbest\u00e4nde genutzt:<\/span><\/p>\n<table border=\"1\">\n<tbody>\n<tr>\n<th><span style=\"font-family: Arial, Verdana, sans-serif;\"><a name=\"pgfId-888858\"><\/a> <\/span><\/th>\n<th><span style=\"font-family: Arial, Verdana, sans-serif;\"><a name=\"pgfId-888860\"><\/a>Leistungs-<br \/>\ndatens\u00e4tze<\/span><\/th>\n<th><span style=\"font-family: Arial, Verdana, sans-serif;\"><a name=\"pgfId-888862\"><\/a>Schulen<\/span><\/th>\n<th><span style=\"font-family: Arial, Verdana, sans-serif;\"><a name=\"pgfId-888864\"><\/a>Klassenr\u00e4ume<\/span><\/th>\n<\/tr>\n<tr>\n<td><span style=\"font-family: Arial, Verdana, sans-serif;\"><a name=\"pgfId-888866\"><\/a>Capistrano<\/span><\/td>\n<td><span style=\"font-family: Arial, Verdana, sans-serif;\"><a name=\"pgfId-888868\"><\/a>8.166<\/span><\/td>\n<td><span style=\"font-family: Arial, Verdana, sans-serif;\"><a name=\"pgfId-888870\"><\/a>24<\/span><\/td>\n<td><span style=\"font-family: Arial, Verdana, sans-serif;\"><a name=\"pgfId-888872\"><\/a>389<\/span><\/td>\n<\/tr>\n<tr>\n<td><span style=\"font-family: Arial, Verdana, sans-serif;\"><a name=\"pgfId-888874\"><\/a>Seattle<\/span><\/td>\n<td><span style=\"font-family: Arial, Verdana, sans-serif;\"><a name=\"pgfId-888876\"><\/a>7.491<\/span><\/td>\n<td><span style=\"font-family: Arial, Verdana, sans-serif;\"><a name=\"pgfId-888878\"><\/a>57<\/span><\/td>\n<td><span style=\"font-family: Arial, Verdana, sans-serif;\"><a name=\"pgfId-888880\"><\/a>537<\/span><\/td>\n<\/tr>\n<tr>\n<td><span style=\"font-family: Arial, Verdana, sans-serif;\"><a name=\"pgfId-888882\"><\/a>Fort              Collins<\/span><\/td>\n<td><span style=\"font-family: Arial, Verdana, sans-serif;\"><a name=\"pgfId-888884\"><\/a>5.687<\/span><\/td>\n<td><span style=\"font-family: Arial, Verdana, sans-serif;\"><a name=\"pgfId-888886\"><\/a>21<\/span><\/td>\n<td><span style=\"font-family: Arial, Verdana, sans-serif;\"><a name=\"pgfId-888888\"><\/a>Keine              Zuordnung m\u00f6glich<\/span><\/td>\n<\/tr>\n<\/tbody>\n<\/table>\n<p><span style=\"font-family: Arial, Verdana, sans-serif;\"><a name=\"pgfId-888802\"><\/a>Es        handelt sich somit um eine Untersuchung mit breit angelegtem Datenmaterial.<\/span><\/p>\n<p><span style=\"font-family: Arial, Verdana, sans-serif;\"><a name=\"pgfId-889652\"><\/a>Dabei        weist der Capistrano Distrikt, wie bereits angef\u00fchrt, den Vorteil auf,        dass dort zu Beginn und am Ende des Schuljahres Daten ermittelt werden,        d.h. es wird anhand von Tests der Unterschied erfasst. In Seattle und in        Fort Collins werden die Daten nur am Ende eines Schuljahres erfasst.<\/span><\/div>\n<div><span style=\"font-family: Arial, Verdana, sans-serif;\"><strong> <\/strong><\/p>\n<h3><span style=\"font-family: Arial, Verdana, sans-serif;\"><strong>Auswertung<\/strong><\/span><\/h3>\n<div>\n<h4><span style=\"font-family: Arial, Verdana, sans-serif;\"><strong><a name=\"pgfId-889544\"><\/a>Leistungsma\u00dfe        &#8211; und -variablen<\/strong><\/span><\/h4>\n<p><span style=\"font-family: Arial, Verdana, sans-serif;\"><strong><a name=\"pgfId-889552\"><\/a><span style=\"font-weight: normal;\">Als        Leistungsma\u00dfe wurden die Leistungen in Lesen und Mathematik herangezogen. <\/span><\/strong><\/span><\/div>\n<div>\n<h4><span style=\"font-family: Arial, Verdana, sans-serif;\"><strong><a name=\"pgfId-889456\"><\/a>Statistische        Auswertung<\/strong><\/span><\/h4>\n<p><span style=\"font-family: Arial, Verdana, sans-serif;\"><strong><a name=\"pgfId-889496\"><\/a><span style=\"font-weight: normal;\">Die        statistische Auswertung erfolgte mit einer bew\u00e4hrten statistischen        Methode, der sogenannten multivariaten linearen Regressionsanalyse. Dabei        werden anhand von mathematischen Modellen Einfl\u00fcsse einer Variablen        isoliert, bei gleichzeitiger Kontrolle der anderen Variablen. Hilfreich        waren hier die Capistrano-Daten. <\/span><\/strong><\/span><\/div>\n<div>\n<h4><span style=\"font-family: Arial, Verdana, sans-serif;\"><strong><a name=\"pgfId-889531\"><\/a>Modelle<\/strong><\/span><\/h4>\n<p><span style=\"font-family: Arial, Verdana, sans-serif;\"><strong><a name=\"pgfId-889532\"><\/a><span style=\"font-weight: normal;\">Nach        ersten Auswertungen wurden dabei die in der Tabelle angef\u00fchrten vier        Modelle festgelegt.<\/span><\/strong><\/span><\/p>\n<table border=\"1\">\n<tbody>\n<tr>\n<th><span style=\"font-family: Arial, Verdana, sans-serif;\"><a name=\"pgfId-889677\"><\/a>Modell<\/span><\/th>\n<th><span style=\"font-family: Arial, Verdana, sans-serif;\"><a name=\"pgfId-889679\"><\/a>Abh\u00e4ngige              Variable<\/span><\/th>\n<th><span style=\"font-family: Arial, Verdana, sans-serif;\"><a name=\"pgfId-889681\"><\/a>Laufende              Variablen<\/span><\/th>\n<\/tr>\n<tr>\n<td><span style=\"font-family: Arial, Verdana, sans-serif;\"><a name=\"pgfId-889683\"><\/a>M1:              Lesen Tageslicht<\/span><\/td>\n<td><span style=\"font-family: Arial, Verdana, sans-serif;\"><a name=\"pgfId-889685\"><\/a>Bewertung              Lesen<\/span><\/td>\n<td><span style=\"font-family: Arial, Verdana, sans-serif;\"><a name=\"pgfId-889687\"><\/a>Tageslichtvariable<\/span><\/td>\n<\/tr>\n<tr>\n<td><span style=\"font-family: Arial, Verdana, sans-serif;\"><a name=\"pgfId-889689\"><\/a>M2:              Lesen Oberlicht<\/span><\/td>\n<td><span style=\"font-family: Arial, Verdana, sans-serif;\"><a name=\"pgfId-889736\"><\/a>Bewertung              Lesen<\/span><\/td>\n<td><span style=\"font-family: Arial, Verdana, sans-serif;\"><a name=\"pgfId-889693\"><\/a>Fensterlicht-              und Oberlichtvariable<\/span><\/td>\n<\/tr>\n<tr>\n<td><span style=\"font-family: Arial, Verdana, sans-serif;\"><a name=\"pgfId-889695\"><\/a>M3:              Mathematik Tageslicht<\/span><\/td>\n<td><span style=\"font-family: Arial, Verdana, sans-serif;\"><a name=\"pgfId-889743\"><\/a>Bewertung              Mathematik<\/span><\/td>\n<td><span style=\"font-family: Arial, Verdana, sans-serif;\"><a name=\"pgfId-889699\"><\/a>Tageslichtvariable<\/span><\/td>\n<\/tr>\n<tr>\n<td><span style=\"font-family: Arial, Verdana, sans-serif;\"><a name=\"pgfId-889720\"><\/a>M4:              Mathematik Oberlicht<\/span><\/td>\n<td><span style=\"font-family: Arial, Verdana, sans-serif;\"><a name=\"pgfId-889750\"><\/a>Bewertung              Mathematik<\/span><\/td>\n<td><span style=\"font-family: Arial, Verdana, sans-serif;\"><a name=\"pgfId-889771\"><\/a>Fensterlicht-              und Oberlichtvariable<\/span><\/td>\n<\/tr>\n<\/tbody>\n<\/table>\n<\/div>\n<div>\n<h4><span style=\"font-family: Arial, Verdana, sans-serif;\"><strong><a name=\"pgfId-889797\"><\/a>Variablen<\/strong><\/span><\/h4>\n<p><span style=\"font-family: Arial, Verdana, sans-serif;\"><strong><a name=\"pgfId-889798\"><\/a><span style=\"font-weight: normal;\">M\u00f6gliche        Einflussgr\u00f6\u00dfen sind z.B. ethnische und soziale Zugeh\u00f6rigkeiten,        Raumgr\u00f6\u00dfen, Fenstergr\u00f6\u00dfen, Oberlichtausf\u00fchrung,        raumlufttechnische Anlagen, bedienbare Fenster, Schulgr\u00f6\u00dfe, Begabtenf\u00f6rderung,        Geschlecht, Klassenstufe und viele andere mehr.<\/span><\/strong><\/span><\/div>\n<div>\n<h4><span style=\"font-family: Arial, Verdana, sans-serif;\"><strong><a name=\"pgfId-892199\"><\/a>Metrik:        Tageslicht, Fenster, Oberlicht<\/strong><\/span><\/h4>\n<p><span style=\"font-family: Arial, Verdana, sans-serif;\"><strong><a name=\"pgfId-892216\"><\/a><span style=\"font-weight: normal;\">Um        die Wirkung des Tageslicht in einem System quantifizieren und zuordnen zu        k\u00f6nnen, wurde eine ,Metrik&#8220; mit den Ma\u00dfen Tageslichtcode,        Fenstercode und Oberlichtcode entwickelt, jeweils auf einer f\u00fcnfstufigen        Skale.<\/span><\/strong><\/span><\/div>\n<div>\n<h4><span style=\"font-family: Arial, Verdana, sans-serif;\"><strong><a name=\"pgfId-892231\"><\/a><em> Tageslichtcode<\/em> <\/strong><\/span><\/h4>\n<p><span style=\"font-family: Arial, Verdana, sans-serif;\"><strong><a name=\"pgfId-892311\"><\/a><span style=\"font-weight: normal;\">Der        Tageslichtcode gibt auf einer Skale von 0 bis 5 an, wie weit der Raum mit        Tageslicht versorgt werden kann. Hierbei bedeutet der Code 5, dass der Raum        nahezu \u00fcber das ganze Schuljahr ausreichend mit Tageslicht beleuchtet        werden kann und der Code 0, dass der Raum weder Fenster noch Oberlichter        hat, dazwischen liegen entsprechende Abstufungen.<\/span><\/strong><\/span><\/div>\n<div>\n<h4><span style=\"font-family: Arial, Verdana, sans-serif;\"><strong><a name=\"pgfId-892432\"><\/a><em> Fenstercode<\/em> <\/strong><\/span><\/h4>\n<p><span style=\"font-family: Arial, Verdana, sans-serif;\"><strong><a name=\"pgfId-892438\"><\/a><span style=\"font-weight: normal;\">Bei        der Fensterkategorisierung bedeutet der Code 5, dass der Raum durch die        Fenster gleichm\u00e4\u00dfig mit etwa 500 lx beleuchtet wird und der Code        4, dass der Raum eine noch annehmbare Gleichm\u00e4\u00dfigkeit aufweist        bei einer Beleuchtungsst\u00e4rke von etwa 300 lx. R\u00e4ume mit Fenstern        dieser Art fanden sich z.B. in Capistrano und in Seattle, nicht aber in        Fort Collins. Der Code 0 bedeutet, dass keine Fenster vorhanden sind, der        Code 1, dass nur sehr begrenzt Fenster\u00f6ffnungen Tageslicht durchlassen.<\/span><\/strong><\/span><\/div>\n<div>\n<h4><span style=\"font-family: Arial, Verdana, sans-serif;\"><strong><a name=\"pgfId-892185\"><\/a><em> Oberlichtcode<\/em> <\/strong><\/span><\/h4>\n<p><span style=\"font-family: Arial, Verdana, sans-serif;\"><strong><a name=\"pgfId-892739\"><\/a><span style=\"font-weight: normal;\">Eine        entsprechende Kategorisierung war zun\u00e4chst auch f\u00fcr den Einfluss        von Oberlichtern vorgesehen. Nach einer ersten Analyse musste man davon        Abstand nehmen, da die Wirkung des Tageslicht nicht \u00fcber die erzielbare        Beleuchtungsst\u00e4rke im Raum zum Tragen kam, sondern \u00fcber die g\u00fcnstige        Lage im Raum und die geeignete Ausf\u00fchrung sowie \u00fcber die m\u00f6gliche        Einflussnahme der Abschattungs-m\u00f6glichkeiten. Waren diese Kriterien        nicht erf\u00fcllt, wurde das Oberlicht als St\u00f6rung empfunden und von        den Lehrern ggf. Ma\u00dfnahmen zur Abschattung getroffen. Die Kategorisierung        erfolgt nunmehr nach diesen Kriterien. Es wurden insgesamt vier Typen (A-D)        mit einem Untertyp AA festgelegt. Dabei wurde dann nicht mehr das Oberlicht        an sich betrachtet, sondern die Oberlichtl\u00f6sung mit dem gesamten Einbau        und seiner Lage im Raum.<\/span><\/strong><\/span><\/div>\n<p><strong> <\/strong><\/p>\n<p><\/span><\/div>\n<div><span style=\"font-family: Arial, Verdana, sans-serif;\"><strong> <\/strong><\/p>\n<h3><span style=\"font-family: Arial, Verdana, sans-serif;\"><strong>Ergebnisse <\/strong><\/span><\/h3>\n<p><span style=\"font-family: Arial, Verdana, sans-serif;\"><strong><a name=\"pgfId-889812\"><\/a><span style=\"font-weight: normal;\">Die      statistische Auswertung zeigt ein deutliches Ergebnis. Demnach sind f\u00fcr      die schulische Leistung verschiedene signifikante Einflussgr\u00f6\u00dfen      ma\u00dfgeblich, wozu immer die Tageslichtgr\u00f6\u00dfen geh\u00f6ren.      Aufgrund der Ber\u00fccksichtigung der Oberlichter ist deutlich erkennbar,      dass eine positive Wirkung allein vom Tageslichts besteht, unabh\u00e4ngig      von den Einfl\u00fcssen der Fenster. Die Wirkungen sind in den verschiedenen      Distrikten allerdings unterschiedlich stark ausgepr\u00e4gt. In Seattle wird      eine besonders hohe Wirkung festgestellt, in Fort Collins eine mittlere, in      Capistrano die geringste. <\/span><\/strong><\/span><\/p>\n<div>\n<h4><span style=\"font-family: Arial, Verdana, sans-serif;\"><strong><a name=\"pgfId-893424\"><\/a>Zusammenfassende        Darstellung<\/strong><\/span><\/h4>\n<p><span style=\"font-family: Arial, Verdana, sans-serif;\"><strong><a name=\"pgfId-893430\"><\/a><span style=\"font-weight: normal;\">Die        Ergebnisse der Studie lassen sich wie folgt zusammenfassen:<\/span><\/strong><\/span><\/p>\n<ul>\n<li><strong> <span style=\"font-family: Arial, Verdana, sans-serif;\"><span style=\"font-weight: normal;\"><a name=\"pgfId-889833\"><\/a>In          allen drei Distrikten wurden durchweg positive und statistisch signifikante          Zusammenh\u00e4nge zwischen dem Vorhandensein von Tageslicht in den Klassenr\u00e4umen          und besseren schulischen Testergebnissen festgestellt. <\/span><\/span><\/strong><\/li>\n<li><strong> <span style=\"font-family: Arial, Verdana, sans-serif;\"><span style=\"font-weight: normal;\"><a name=\"pgfId-889834\"><\/a>Die          positive Wirkung des Tageslichts war von allen anderen Fenstermerkmalen          unterscheidbar.<\/span><\/span><\/strong><\/li>\n<\/ul>\n<p><span style=\"font-family: Arial, Verdana, sans-serif;\"><span style=\"font-weight: normal;\"><strong><a name=\"pgfId-889862\"><\/a>Zudem        l\u00e4sst sich sozusagen als Nebeneffekt erkennen, <\/strong><\/span><\/span><\/p>\n<ul>\n<li><strong> <span style=\"font-family: Arial, Verdana, sans-serif;\"><span style=\"font-weight: normal;\"><a name=\"pgfId-893444\"><\/a>dass          gro\u00dfe bestehende Datenmengen n\u00fctzlich f\u00fcr Untersuchungen          \u00fcber Auswirkungen der Umwelt auf menschliche Leistung sein k\u00f6nnen.<\/span><\/span><\/strong><\/li>\n<\/ul>\n<\/div>\n<div>\n<h4><span style=\"font-family: Arial, Verdana, sans-serif;\"><strong><a name=\"pgfId-889883\"><\/a>Grenzen        des Verfahrens<\/strong><\/span><\/h4>\n<p><span style=\"font-family: Arial, Verdana, sans-serif;\"><strong><a name=\"pgfId-893454\"><\/a><span style=\"font-weight: normal;\">Es        zeigen sich aber auch die Grenzen des angewendeten Verfahrens. Man kann        lediglich den Grad von m\u00f6glichen Wirkungen feststellen und die Wahrscheinlichkeit        von Abh\u00e4ngigkeiten zwischen Variablen, nicht aber die Ursachen hierf\u00fcr.<\/span><\/strong><\/span><\/div>\n<p><strong> <\/strong><\/p>\n<p><\/span><\/div>\n<div><span style=\"font-family: Arial, Verdana, sans-serif;\"><strong> <\/strong><\/p>\n<h3><span style=\"font-family: Arial, Verdana, sans-serif;\"><strong>M\u00f6gliche Ursachen f\u00fcr      die positive Wirkung<\/strong><\/span><\/h3>\n<div>\n<h4><span style=\"font-family: Arial, Verdana, sans-serif;\"><strong><a name=\"pgfId-889807\"><\/a>M\u00f6gliche        Erkl\u00e4rungen<\/strong><\/span><\/h4>\n<p><span style=\"font-family: Arial, Verdana, sans-serif;\"><strong><a name=\"pgfId-889952\"><\/a><em><span style=\"font-weight: normal;\"> Die Ursachen f\u00fcr die festgestellte positive Wirkung k\u00f6nnen zwar        nicht abgeleitet werden, aufgrund von Erfahrungen aus der Praxis k\u00f6nnen        aber Vermutungen angestellt werden. <\/span><\/em><span style=\"font-weight: normal;\"> M\u00f6gliche Ursachen k\u00f6nnen        z.B. sein:<\/span><\/strong><\/span><\/p>\n<ul>\n<li><strong> <span style=\"font-family: Arial, Verdana, sans-serif;\"><span style=\"font-weight: normal;\"><a name=\"pgfId-889960\"><\/a>Verbesserung          der Lesbarkeit aufgrund h\u00f6herer Beleuchtungsst\u00e4rken<\/span><\/span><\/strong><\/li>\n<li><strong> <span style=\"font-family: Arial, Verdana, sans-serif;\"><span style=\"font-weight: normal;\"><a name=\"pgfId-889975\"><\/a>Verbesserung          der Lesbarkeit aufgrund besserer Lichtqualit\u00e4t<\/span><\/span><\/strong><\/li>\n<li><strong> <span style=\"font-family: Arial, Verdana, sans-serif;\"><span style=\"font-weight: normal;\"><a name=\"pgfId-889976\"><\/a>St\u00e4rkung          der Gesundheit<\/span><\/span><\/strong><\/li>\n<li><strong> <span style=\"font-family: Arial, Verdana, sans-serif;\"><span style=\"font-weight: normal;\"><a name=\"pgfId-889977\"><\/a>Gegenwirkung          bei bestehendem Tageslichtentzug<\/span><\/span><\/strong><\/li>\n<li><strong> <span style=\"font-family: Arial, Verdana, sans-serif;\"><span style=\"font-weight: normal;\"><a name=\"pgfId-889984\"><\/a>Steigerung          der Stimmung<\/span><\/span><\/strong><\/li>\n<li><strong> <span style=\"font-family: Arial, Verdana, sans-serif;\"><span style=\"font-weight: normal;\"><a name=\"pgfId-889968\"><\/a>Erh\u00f6hung          der Aufmerksamkeit<\/span><\/span><\/strong><\/li>\n<li><strong> <span style=\"font-family: Arial, Verdana, sans-serif;\"><span style=\"font-weight: normal;\"><a name=\"pgfId-889963\"><\/a>Positiveres          Verhalten<\/span><\/span><\/strong><\/li>\n<\/ul>\n<\/div>\n<div>\n<h4><span style=\"font-family: Arial, Verdana, sans-serif;\"><strong><a name=\"pgfId-890007\"><\/a>Bessere        Lesbarkeit aufgrund h\u00f6herer Beleuchtungsst\u00e4rken<\/strong><\/span><\/h4>\n<p><span style=\"font-family: Arial, Verdana, sans-serif;\"><strong><a name=\"pgfId-890083\"><\/a><span style=\"font-weight: normal;\">Die        Messungen in den Klassenr\u00e4umen mit Oberlichtern haben immer wesentlich        h\u00f6here Beleuchtungsst\u00e4rken als in den anderen R\u00e4ume ergeben.        Zu Spitzenzeiten liegen die Werte zwei bis dreimal h\u00f6her als in R\u00e4umen        mit k\u00fcnstlicher Beleuchtung. Bei Tageslichteinfall durch Fenster werden        diese Wert zwar nicht erreicht und sie sind auch ungleichm\u00e4\u00dfiger,        aber sie tragen immer noch zu weitaus h\u00f6heren Beleuchtungsst\u00e4rkewerten        bei, als in R\u00e4umen ohne Tageslicht zu finden ist.<\/span><\/strong><\/span><\/div>\n<div>\n<h4><span style=\"font-family: Arial, Verdana, sans-serif;\"><strong><a name=\"pgfId-890008\"><\/a>Bessere        Lesbarkeit aufgrund besserer Lichtqualit\u00e4t<\/strong><\/span><\/h4>\n<p><span style=\"font-family: Arial, Verdana, sans-serif;\"><strong><a name=\"pgfId-890202\"><\/a><span style=\"font-weight: normal;\">In        der Studie wurde die Hypotheseaufgestellt, dass, abh\u00e4ngig von der H\u00f6he        der Beleuchtungsst\u00e4rke, Tageslicht eine bessere Lichtqualit\u00e4t        aufweisen w\u00fcrde als k\u00fcnstliche Beleuchtung. Dabei werden h\u00e4ufig        folgende Merkmale als positiv angef\u00fchrt:<\/span><\/strong><\/span><\/p>\n<ul>\n<li><span style=\"font-weight: normal;\"><strong>G\u00fcnstigere          Verteilung des Lichts im Raum<\/strong><\/span><\/li>\n<li><span style=\"font-weight: normal;\"><strong>Bessere          Farbwiedergabe<\/strong><\/span><\/li>\n<li><span style=\"font-weight: normal;\"><strong>Keine          Flimmerempfindung &#8211; ,Flimmerfreiheit&#8220;<\/strong><\/span><\/li>\n<li><span style=\"font-weight: normal;\"><strong>Besondere          Lichteffekte auf Objekten<\/strong><\/span><\/li>\n<\/ul>\n<p><span style=\"font-family: Arial, Verdana, sans-serif;\"><strong><a name=\"pgfId-890227\"><\/a><span style=\"font-weight: normal;\">\u00c4hnliche        Aussagen finden sich auch in anderen Studien (s. z.B. ,Licht und Gesundheit        &#8211; Eine Untersuchung zum Stand der Beleuchtungstechnik in deutschen B\u00fcros&#8220;,        ERGONOMIC, 1998, 3. Auflage, Berlin) <a href=\"http:\/\/healthylight.de\/Start.html\" target=\"_blank\">Gesamtstudie hier<\/a><\/span><\/strong><\/span><\/div>\n<div>\n<h4><span style=\"font-family: Arial, Verdana, sans-serif;\"><strong><a name=\"pgfId-890234\"><\/a>G\u00fcnstigere        Verteilung des Lichts im Raum<\/strong><\/span><\/h4>\n<p><span style=\"font-family: Arial, Verdana, sans-serif;\"><strong><a name=\"pgfId-890296\"><\/a><span style=\"font-weight: normal;\">Im        Zusammenhang mit der g\u00fcnstigeren Verteilung des Lichts im Raum sind        besonders g\u00fcnstigere vertikale bzw. zylindrische Beleuchtungsst\u00e4rkeverteilungen        zu nennen, die wesentlich zur Helligkeitsempfindung beitragen und zum besseren        Erkennen dreidimensionaler Objekte. (Anm.: Dieser Erkenntnis wird heute        auch bei der Planung k\u00fcnstlicher Beleuchtung Rechnung getragen.)<\/span><\/strong><\/span><\/div>\n<div>\n<h4><span style=\"font-family: Arial, Verdana, sans-serif;\"><strong><a name=\"pgfId-890299\"><\/a>Bessere        Farbwiedergabe<\/strong><\/span><\/h4>\n<p><span style=\"font-family: Arial, Verdana, sans-serif;\"><strong><a name=\"pgfId-890219\"><\/a><span style=\"font-weight: normal;\">Farben        wirken bei Tageslicht lebhafter und entsprechend dem kontinuierlichem Spektrum        des Tageslichts nat\u00fcrlicher als bei k\u00fcnstlicher Beleuchtung. Heute        werden zwar Leuchtstofflampen mit einem kontinuierlichen, dem Tageslicht        nachempfundenen Spektrum angeboten, dies wird aber von vielen anders als        das Tageslicht als ,unnat\u00fcrlich&#8220; und ,kalt&#8220; empfunden. Offenbar        werden unterschiedliche Ma\u00dfst\u00e4be angelegt.<\/span><\/strong><\/span><\/div>\n<div>\n<h4><span style=\"font-family: Arial, Verdana, sans-serif;\"><strong><a name=\"pgfId-890320\"><\/a>Flimmerfreiheit<\/strong><\/span><\/h4>\n<p><span style=\"font-family: Arial, Verdana, sans-serif;\"><strong><a name=\"pgfId-890321\"><\/a><span style=\"font-weight: normal;\">Flimmerempfindungen        waren bis vor einigen Jahren ein Haupt\u00fcbel bei Leuchtstofflampen. Heute        k\u00f6nnen diese durch den Einsatz von elektronischen Vorschaltger\u00e4ten        (EVG) vermieden werden. Untersuchungen haben gezeigt, dass Leistungssteigerungen        bei Einsatz von elektronischen Vorschaltger\u00e4ten erzielt werden. (Anm.:        Leider kommen EVGs aus einseitig Kostengr\u00fcnden oft nicht zum Einsatz.) <\/span><\/strong><\/span><\/div>\n<div>\n<h4><span style=\"font-family: Arial, Verdana, sans-serif;\"><strong><a name=\"pgfId-890416\"><\/a>Lichteffekte        auf Objekten<\/strong><\/span><\/h4>\n<p><span style=\"font-family: Arial, Verdana, sans-serif;\"><strong><a name=\"pgfId-890421\"><\/a><span style=\"font-weight: normal;\">Tageslicht        ruft besondere, sich \u00e4ndernde Lichteffekte auf Objekten hervor, die        zur Wahrnehmung und Einpr\u00e4gung beitragen. In einer Lernumgebung k\u00f6nnen        sie m\u00f6glicherweise damit zum besseren Lernen beitragen.<\/span><\/strong><\/span><\/div>\n<div>\n<h4><span style=\"font-family: Arial, Verdana, sans-serif;\"><strong><a name=\"pgfId-890009\"><\/a>St\u00e4rkung        der Gesundheit<\/strong><\/span><\/h4>\n<p><span style=\"font-family: Arial, Verdana, sans-serif;\"><strong><a name=\"pgfId-890411\"><\/a><span style=\"font-weight: normal;\">Tageslicht        kann m\u00f6glicherweise aufgrund besserer Gesundheit zu einer Leistungssteigerung        f\u00fchren. Heute wei\u00df man bereits Einiges \u00fcber die vielf\u00e4ltigen        Zusammenh\u00e4nge von Tageslicht und Hormonen. In diesem Zusammenhang sei        insbesondere auf die Produktion von Vitamin D und auf die Unterdr\u00fcckung        der Melatoninaussch\u00fcttung hingewiesen. <\/span><\/strong><\/span><\/div>\n<div>\n<h4><span style=\"font-family: Arial, Verdana, sans-serif;\"><strong><a name=\"pgfId-890492\"><\/a>Verst\u00e4rkte        Wirkung bei Tageslichtentzug<\/strong><\/span><\/h4>\n<p><span style=\"font-family: Arial, Verdana, sans-serif;\"><strong><a name=\"pgfId-890493\"><\/a><span style=\"font-weight: normal;\">Die        verst\u00e4rkte Wirkung von Tageslicht in den Schuldistrikten Seattle und        Fort Collins l\u00e4sst sich m\u00f6glicherweise aus einer klimatisch bedingten        geringeren Tageslichtversorgung erkl\u00e4ren. Hier wirkt sich ein Mehr        an Tageslicht offenbar st\u00e4rker aus als in Gegenden, in denen die Sch\u00fcler        aus klimatischen Gr\u00fcnden ohnehin eine h\u00f6here Tageslichtdosis haben.<\/span><\/strong><\/span><\/div>\n<div>\n<h4><span style=\"font-family: Arial, Verdana, sans-serif;\"><strong><a name=\"pgfId-890011\"><\/a>Steigerung        der Stimmung<\/strong><\/span><\/h4>\n<p><span style=\"font-family: Arial, Verdana, sans-serif;\"><strong><a name=\"pgfId-890514\"><\/a><span style=\"font-weight: normal;\">Im        allgemeinen wird Tageslicht subjektiv als stimmungssteigernd empfunden.        Im Fall der Schulen kann die Leistungssteigerung bei den Sch\u00fclern unmittelbar        durch die eigene positive Stimmung oder mittelbar durch die positiv beeinflusste        Stimmung der Lehrer erkl\u00e4rt werden. (Anm.: Hinzu kommt bei Fenstern        die positive Wirkung der Sichtverbindung nach drau\u00dfen.)<\/span><\/strong><\/span><\/div>\n<div>\n<h4><span style=\"font-family: Arial, Verdana, sans-serif;\"><strong><a name=\"pgfId-890012\"><\/a>Erh\u00f6hung        der Aufmerksamkeit<\/strong><\/span><\/h4>\n<p><span style=\"font-family: Arial, Verdana, sans-serif;\"><strong><a name=\"pgfId-890517\"><\/a><span style=\"font-weight: normal;\">H\u00f6here        Beleuchtungsst\u00e4rkewerte f\u00fchren im Allgemeinen zu erh\u00f6hter        Aufmerksamkeit. Dies k\u00f6nnte allerdings auch durch k\u00fcnstliche Beleuchtung        erzielt werden. Es wird vermutet, dass nicht nur die H\u00f6he der Beleuchtungsst\u00e4rken        diesbez\u00fcglich Wirkung zeigen, sondern auch die Ver\u00e4nderlichkeit        in der spektralen Zusammensetzung des Lichts und in der St\u00e4rke. Neue        Studien unterst\u00fctzen diese Vermutung. <\/span><\/strong><\/span><\/div>\n<div>\n<h4><span style=\"font-family: Arial, Verdana, sans-serif;\"><strong><a name=\"pgfId-890013\"><\/a>Positiveres        Verhalten<\/strong><\/span><\/h4>\n<p><span style=\"font-family: Arial, Verdana, sans-serif;\"><strong><a name=\"pgfId-890601\"><\/a><span style=\"font-weight: normal;\">Es        wird oft ge\u00e4u\u00dfert, dass Tageslicht das eigene Verhalten positiv        beeinflusst. Dieses subjektiv Empfinden wird gest\u00fctzt durch die Ergebnisse        der bereits in anderem Zusammenhang angef\u00fchrten Studie in Schweden,        die u.a. zeigt, dass Sch\u00fcler, die in den Klassenr\u00e4umen Tageslicht        oder einer tagslicht\u00e4hnlichen Beleuchtung ausgesetzt sind, eher saisonal        typische Verhaltensmuster aufweisen als Sch\u00fcler mit warmwei\u00dfer        k\u00fcnstlicher Beleuchtung.<\/span><\/strong><\/span><\/div>\n<p><strong> <\/strong><\/p>\n<p><\/span><\/div>\n<div><span style=\"font-family: Arial, Verdana, sans-serif;\"><strong><br \/>\n<\/strong><\/span><\/div>\n<p><span style=\"font-family: Arial, Verdana, sans-serif;\"><strong> <\/strong><\/span><\/p>\n<p><strong> <\/strong><\/p>\n<p><strong> <\/strong><\/p>\n<p><strong> <\/strong><\/p>\n<p><strong> <\/strong><\/p>\n<h3><span style=\"font-family: Arial, Verdana, sans-serif;\"><strong>Fazit <\/strong><\/span><\/h3>\n<p><span style=\"font-family: Arial, Verdana, sans-serif;\"><strong><a name=\"pgfId-893482\"><\/a><span style=\"font-weight: normal;\">Die      Studie zeigt, dass ein signifikanter Einfluss des Tageslichts auf die menschliche      Leistung besteht. Allerdings k\u00f6nnen im Rahmen der Untersuchungen die      m\u00f6glichen Ursachen hierf\u00fcr nicht abgeleitet werden. Hierzu bedarf      es weiterer Forschung. Die Ergebnisse dieser breit angelegten Studie best\u00e4tigen      damit eine Reihe weiterer Untersuchungen, die bereits fr\u00fcher durchgef\u00fchrt      wurden.<\/span><\/strong><\/span><\/p>\n<p><span style=\"font-weight: normal;\"><strong><br \/>\n<\/strong><\/span><\/p>\n<p><span style=\"font-family: Arial, Verdana, sans-serif;\"><span style=\"font-weight: normal;\"><strong>Gesamtstudie in Original <a href=\"http:\/\/www.coe.uga.edu\/sdpl\/research\/daylightingstudy.pdf\" target=\"_blank\">hier<\/a> oder <a href=\"http:\/\/www.lichtundgesundheit.de\/cyberlux\/wp-content\/uploads\/2009\/07\/schoolc.pdf\">da<\/a>, in deutscher Zusammenfassung<a href=\"http:\/\/www.lichtundgesundheit.de\/cyberlux\/wp-content\/uploads\/2009\/07\/schule.pdf\" target=\"_blank\"> hier<\/a><\/strong><\/span><\/span><\/p>\n<p><span style=\"font-family: Arial, Verdana, sans-serif;\"><span style=\"font-weight: normal;\"><strong>in Cyberlux eingestellt: 30. Januar 2002<\/strong><\/span><\/span><\/p>\n<p><strong> <\/strong><\/div>\n<\/div>\n<\/div>\n<\/div>\n","protected":false},"excerpt":{"rendered":"<p>Autor Gisela Cakir Kurzfassung Die Studie &#8220; Daylighting in Schools &#8211; An Investigation into the Relationship Between Daylighting and Human Performan c e &#8220; wurde von der Heschong Mahone Group in den USA mit dem Ziel erstellt, Erkenntnisse \u00fcber den Einfluss <a href=\"http:\/\/www.lichtundgesundheit.de\/cyberlux\/?p=466\"> Read more&#8230;<\/a><\/p>\n","protected":false},"author":1,"featured_media":0,"comment_status":"open","ping_status":"open","sticky":false,"template":"","format":"standard","meta":{"footnotes":""},"categories":[165],"tags":[98,104,107,113,198,217],"class_list":["post-466","post","type-post","status-publish","format-standard","hentry","category-daylighting-in-schools","tag-arbeit","tag-cyberlux","tag-ges","tag-licht","tag-lichtqualitat","tag-daylight"],"_links":{"self":[{"href":"http:\/\/www.lichtundgesundheit.de\/cyberlux\/index.php?rest_route=\/wp\/v2\/posts\/466","targetHints":{"allow":["GET"]}}],"collection":[{"href":"http:\/\/www.lichtundgesundheit.de\/cyberlux\/index.php?rest_route=\/wp\/v2\/posts"}],"about":[{"href":"http:\/\/www.lichtundgesundheit.de\/cyberlux\/index.php?rest_route=\/wp\/v2\/types\/post"}],"author":[{"embeddable":true,"href":"http:\/\/www.lichtundgesundheit.de\/cyberlux\/index.php?rest_route=\/wp\/v2\/users\/1"}],"replies":[{"embeddable":true,"href":"http:\/\/www.lichtundgesundheit.de\/cyberlux\/index.php?rest_route=%2Fwp%2Fv2%2Fcomments&post=466"}],"version-history":[{"count":2,"href":"http:\/\/www.lichtundgesundheit.de\/cyberlux\/index.php?rest_route=\/wp\/v2\/posts\/466\/revisions"}],"predecessor-version":[{"id":852,"href":"http:\/\/www.lichtundgesundheit.de\/cyberlux\/index.php?rest_route=\/wp\/v2\/posts\/466\/revisions\/852"}],"wp:attachment":[{"href":"http:\/\/www.lichtundgesundheit.de\/cyberlux\/index.php?rest_route=%2Fwp%2Fv2%2Fmedia&parent=466"}],"wp:term":[{"taxonomy":"category","embeddable":true,"href":"http:\/\/www.lichtundgesundheit.de\/cyberlux\/index.php?rest_route=%2Fwp%2Fv2%2Fcategories&post=466"},{"taxonomy":"post_tag","embeddable":true,"href":"http:\/\/www.lichtundgesundheit.de\/cyberlux\/index.php?rest_route=%2Fwp%2Fv2%2Ftags&post=466"}],"curies":[{"name":"wp","href":"https:\/\/api.w.org\/{rel}","templated":true}]}}