{"id":456,"date":"2009-07-22T17:16:38","date_gmt":"2009-07-22T15:16:38","guid":{"rendered":"http:\/\/localhost:8888\/wordpress\/?p=456"},"modified":"2009-07-22T17:16:38","modified_gmt":"2009-07-22T15:16:38","slug":"farbmetrik","status":"publish","type":"post","link":"http:\/\/www.lichtundgesundheit.de\/cyberlux\/?p=456","title":{"rendered":"Farbmetrik"},"content":{"rendered":"<h3>Autor<\/h3>\n<h3>Ludwig Gall<\/h3>\n<h3>Kurzfassung<\/h3>\n<h3><span style=\"font-family: Arial, Helvetica, sans-serif;\">Farbmetrik f\u00fcr Pigmentverarbeiter<\/span><\/h3>\n<p><span style=\"font-family: Arial, Helvetica, sans-serif;\">Farbe ist eine Empfindung, die      nur im Gehirn eines Beobachters existiert. Sie bestimmt zusammen mit Helligkeit,      Glanz und Form das Erscheinungsbild aller Objekte, die wir mit unbewaffnetem      Auge wahrnehmen k\u00f6nnen. Helligkeit, Glanz und Farbe sind an sich keine      Merkmale, die man beliebig auseinander dividieren kann. Dennoch hat sich die      Technik, die sich mit der \u201cHelligkeit\u201d befasst, die Lichttechnik,      zu einem hohen Grad von der Farbenlehre entfernt, was man auch an den entsprechenden      Lehrpersonen an Hochschulen beobachten kann. Die Farbenlehre wiederum besteht      nicht in Form einer geschlossenen Theorie, was man sehr sch\u00f6n anhand      der vielf\u00e4ltigen \u201cFarbsysteme\u201d sehen kann, die im Laufe der      Jahrhunderte entstanden sind.<\/span><\/p>\n<p>Wie blumig man auch die Empfindung beschreiben m\u00f6chte, muss man sich      der n\u00fcchternen technischen Aufgabe stellen, Mittel zu finden, die Farbe      in Produkte und R\u00e4ume bringen. Einst eine wahrlich staatstragende Aufgabe      &#8211; f\u00fcr die Farbe der Toga des R\u00f6mischen Kaisers, die nur er tragen      durfte, mussten Tausende Purpurschnecken ihr Leben lassen. Sp\u00e4ter mussten      F\u00e4rbergesellen reichlich Alkohol trinken, um aus F\u00e4rberwaid Indigo      zu produzieren. Blaumachen war einst harte Arbeit &#8211; bis Otto Unverdorben mit      der Herstellung von Anilin (anil = portugiesisch indigo) aus Indigo den Weg      f\u00fcr eine neue Industrieproduktion \u00f6ffnete. Der Name manchen namhaften      Chemieunternehmens r\u00fchrt von diesem Stoff her (BASF = Badische Anilin-      und Sodafabrik; AGFA = Aktiengesellschaft f\u00fcr Anilinfarben).<\/p>\n<p>Mit der wunderbaren Vermehrung der M\u00f6glichkeiten, Farbe in Dinge einzubringen,      entstand auch ein Bedarf danach, diese eindeutig zu messen und zu beschreiben.      Die Website <a href=\"http:\/\/www.farbmetrik-gall.de\" target=\"_blank\">http:\/\/www.farbmetrik-gall.de<\/a> stellt eine vielseitige Informationspalette f\u00fcr und um die Messung von      \u201cFarbe\u201d zur Verf\u00fcgung. Anders als der Begriff \u201cFarbmetrik\u201d      vermuten l\u00e4sst, kann man allerdings die Ursachen von Farbe messen &#8211; die      Farbe selbst entsteht im Gehirn und ist einer Messung nicht zug\u00e4nglich.<\/p>\n<p>Der Beitrag gibt eine kurze Einleitung in das Thema, das der Autor, ein ausgewiesener      Kenner der Materie f\u00fcr das Web aufbereitet hat. Die Gesamtheit des Werkes      steht auf CD zur Verf\u00fcgung.<\/p>\n<h3>Beitrag<\/h3>\n<h3><span style=\"font-family: Arial, Helvetica, sans-serif;\"> Was ist \u201eFarbe\u201c?<\/span><\/h3>\n<p><span style=\"font-family: Arial, Helvetica, sans-serif;\"> Der Begriff \u201eFarbe\u201c            hat im Deutschen eine ungl\u00fcckliche Doppelbedeutung. Einmal die            streng wissenschaftliche, wonach Farbe eine Sinnesempfindung darstellt,            in dem Sinne, wie man etwa im Alltag eine \u201esch\u00f6ne Farbe\u201c            lobt. Zum andern kann man im Deutschen \u2013 ganz im Gegensatz zu            anderen Sprachen \u201eFarbe\u201c eimerweise im \u201eFarbenhandel\u201c            kaufen, es gibt sogar \u201eFarbenfabriken\u201c und der Chor in Carmina            Burana singt \u201eKramer gib die Farbe mir,\u201c womit sicher irgendwelche            \u201eK\u00f6rperfarben\u201c gemeint waren. Ein Amerikaner kann im            Supermarkt keine \u201eColor\u201c kaufen, ebenso wenig wie der Franzose            \u201eCouleur\u201c! In der zweiten Sinnbedeutung geht es also offenbar            um etwas materielles, n\u00e4mlich um Farbmittel, mit denen man Dinge            farbig machen kann.<\/span><\/p>\n<p>Die Doppelbedeutung des Farbenbegriffs w\u00e4re nicht weiter schlimm,            wenn sie nicht sogar die Farbwissenschaftler \u2013 von Goethe angefangen            \u2013 in Verwirrung br\u00e4chte! Bliebe man bei der strengen Bedeutung            als Sinnesempfindung, dann g\u00e4be es die f\u00fcr Laien so schwierige            Unterscheidung zwischen additiver und subtraktiver Farbmischung nicht.            Empfindungen k\u00f6nnen sich nicht subtrahieren. Jede Farbempfindung            ist additiv!<\/p>\n<p><span style=\"font-family: Arial, Helvetica, sans-serif;\"><strong>Farbmetrik <\/strong><br \/>\nIn der Farbmetrik geht es um die Messung, Beschreibung und Bewertung            von Farben und Farbunterschieden mit Farbwerten, Zahlen also, welche            die von farbigen Fl\u00e4chen ausgehenden Farbempfindungen quantitativ            und objektiv beschreiben. Farbe wird in der Website von Dr. Gall als            eine Ursache-Wirkungskette behandelt.<\/span><\/p>\n<p><img loading=\"lazy\" decoding=\"async\" src=\"http:\/\/www.cyberlux.de\/deutsch\/articles\/science\/lichtsehen\/gall\/farbe.jpg\" alt=\"\" width=\"504\" height=\"382\" \/><\/p>\n<p>Die Farbempfindung wird im Wahrnehmungsapparat in der Regel ausgel\u00f6st            durch eine Mischung von Lichtstrahlen unterschiedlicher Wellenl\u00e4nge.            Alle Wellenl\u00e4ngen zusammen, der ganze Wellensalat wird als langweiliges            \u201ewei\u00dfes Rauschen\u201c empfunden. Erst wenn man durch Farbmittel            dem Wellensalat bestimmte Wellenbereiche (absorptiv) entzieht, entsteht            der Farbreiz. Erst der Mangel macht den Reiz!<\/p>\n<p>Wie die Farbmittel das machen, wird in der Website (im Gegensatz zu            anderen Farbmetrikwerken) ausf\u00fchrlicher behandelt.<br \/>\nGemessen wird mit Spektralphotometern eigentlich nicht die Farbe, sondern            deren Ursache, n\u00e4mlich die Lichtwellenmischung die von einer farbigen            Fl\u00e4che ausgeht: Bei Aufsichtsfarben das R-Spektrum. Was Auge+Gehirn,            der Wahrnehmungsapparat daraus machen, wird mit Hilfe von mathematischen            Modellen umgesetzt in die die Farbwerte X,Y und Z, den Grad der Anregung            der \u201eRot-, Gr\u00fcn- und Blauempf\u00e4nger\u201c \u201eim            Auge\u201c. Zu anschaulicheren Werten kommt man anschlie\u00dfend            durch Transformation der X,Y,Z- in die CIELAB-Werte, die sich sogar            als Koordinaten eines Farbenordnungssystems eignen, wie das vom Autor            geschaffene RAL-Design-System beweist. In der<br \/>\n<strong>industriellen Farbmetrik<\/strong><br \/>\ngeht es vornehmlich um die quantitative Bewertung von Farbunterschieden            in der<br \/>\n<strong>Qualit\u00e4ts-Kontrolle <\/strong><br \/>\nfarbiger Erzeugnisse, wozu es weiterer Transformationen der CIELAB-Werte            bedarf.<br \/>\n<strong>Die analytische Farbmetrik<\/strong><br \/>\nmacht Farbe aus optischen Materialkonstanten (wellenl\u00e4ngenabh\u00e4ngige            Lichtabsorptions-und \u2013Streukonstanten) berechenbar und vorhersagbar.            So k\u00f6nnen aus den optischen Daten von Farbmitteln<br \/>\n<strong>Farbrezepte<\/strong><br \/>\nberechnet werden, die Mischungsverh\u00e4ltnisse geeigneter Farbmittel            um z.B. eine \u201eFassadenfarbe\u201c oder einen PKW-Lack nach Farbvorlage            zu gestalten.<\/p>\n<p><span style=\"font-family: Arial, Helvetica, sans-serif;\">Weiter f\u00fchrende Informationen auf der Website von Dr. Gall <a href=\"http:\/\/www.farbmetrik-gall.de\/sitemap.html\">hier<\/a><\/span><\/p>\n<p><span style=\"font-family: Arial, Helvetica, sans-serif;\"><div class=\"iframe-wrapper\">\n  <iframe src=\"http:\/\/www.farbmetrik-gall.de\/sitemap.html\" frameborder=\"0\" style=\"height:600px;width:600px;\">Please upgrade your browser<\/iframe>\n<\/div><\/span><\/p>\n","protected":false},"excerpt":{"rendered":"<p>Autor Ludwig Gall Kurzfassung Farbmetrik f\u00fcr Pigmentverarbeiter Farbe ist eine Empfindung, die nur im Gehirn eines Beobachters existiert. Sie bestimmt zusammen mit Helligkeit, Glanz und Form das Erscheinungsbild aller Objekte, die wir mit unbewaffnetem Auge wahrnehmen k\u00f6nnen. Helligkeit, Glanz und Farbe <a href=\"http:\/\/www.lichtundgesundheit.de\/cyberlux\/?p=456\"> Read more&#8230;<\/a><\/p>\n","protected":false},"author":1,"featured_media":0,"comment_status":"open","ping_status":"open","sticky":false,"template":"","format":"standard","meta":{"footnotes":""},"categories":[1,4],"tags":[98,104,113],"class_list":["post-456","post","type-post","status-publish","format-standard","hentry","category-allgemein","category-farbmetrik","tag-arbeit","tag-cyberlux","tag-licht"],"_links":{"self":[{"href":"http:\/\/www.lichtundgesundheit.de\/cyberlux\/index.php?rest_route=\/wp\/v2\/posts\/456","targetHints":{"allow":["GET"]}}],"collection":[{"href":"http:\/\/www.lichtundgesundheit.de\/cyberlux\/index.php?rest_route=\/wp\/v2\/posts"}],"about":[{"href":"http:\/\/www.lichtundgesundheit.de\/cyberlux\/index.php?rest_route=\/wp\/v2\/types\/post"}],"author":[{"embeddable":true,"href":"http:\/\/www.lichtundgesundheit.de\/cyberlux\/index.php?rest_route=\/wp\/v2\/users\/1"}],"replies":[{"embeddable":true,"href":"http:\/\/www.lichtundgesundheit.de\/cyberlux\/index.php?rest_route=%2Fwp%2Fv2%2Fcomments&post=456"}],"version-history":[{"count":0,"href":"http:\/\/www.lichtundgesundheit.de\/cyberlux\/index.php?rest_route=\/wp\/v2\/posts\/456\/revisions"}],"wp:attachment":[{"href":"http:\/\/www.lichtundgesundheit.de\/cyberlux\/index.php?rest_route=%2Fwp%2Fv2%2Fmedia&parent=456"}],"wp:term":[{"taxonomy":"category","embeddable":true,"href":"http:\/\/www.lichtundgesundheit.de\/cyberlux\/index.php?rest_route=%2Fwp%2Fv2%2Fcategories&post=456"},{"taxonomy":"post_tag","embeddable":true,"href":"http:\/\/www.lichtundgesundheit.de\/cyberlux\/index.php?rest_route=%2Fwp%2Fv2%2Ftags&post=456"}],"curies":[{"name":"wp","href":"https:\/\/api.w.org\/{rel}","templated":true}]}}