{"id":37,"date":"2009-07-18T22:05:20","date_gmt":"2009-07-18T20:05:20","guid":{"rendered":"http:\/\/localhost:8888\/wordpress\/?p=37"},"modified":"2020-11-28T15:59:43","modified_gmt":"2020-11-28T13:59:43","slug":"tageslicht-und-ergonomie","status":"publish","type":"post","link":"http:\/\/www.lichtundgesundheit.de\/cyberlux\/?p=37","title":{"rendered":"Tageslicht und Ergonomie"},"content":{"rendered":"<p>Dieser Beitrag stellt eine Kurzfassung des Projektberichts &#8222;Licht und Ergonomie&#8220; im Rahmen des Projekts Tageslicht nutzen dar. Der vollst\u00e4ndige Bericht ist als pdf-Datei verf\u00fcgbar. Der Teilbericht zur Nutzung des Tageslichts in der Architektur von Prof. V. Schultz erhalten Sie hier und der Teilbericht zur Tageslichttechnik allgemein (Martin Kischkoweit-Lopin und Tim Stapelfeld) wird in K\u00fcrze erscheinen.<br \/>In diesem Artikel werden medizinische Erkenntnisse \u00fcber den Einfluss des Lichts auf den Menschen sowie Beitr\u00e4ge der Tageslichtbeleuchtung zur Sehleistung behandelt. Es wird gezeigt, warum die Tageslichtbeleuchtung mit Oberlichtern i.d.R. k\u00fcnstlicher Beleuchtung auch hinsichtlich der Sehleistung weit \u00fcberlegen ist. Hinzu kommt, dass das nat\u00fcrliche Licht durch seine Dynamik eine im wahrsten Sinne des Wortes vitale Funktion f\u00fcr den Menschen spielt.<\/p>\n<p>Im Rahmen des Projektes &#8222;Tageslicht&#8220; wurde bewiesen, dass die Gesundheit \u00fcber das fr\u00fcher bekannte und vorstellbare Ma\u00df hinaus vom Licht beeinflusst wird. Es wurde aber auch gezeigt, dass viele Probleme, die man mit der k\u00fcnstlichen Beleuchtung assoziiert, eigentlich durch einen Mangel an Tageslicht verursacht werden.<\/p>\n<p><a href=\"https:\/\/www.fvlr.de\/downloads\/Lichtergo1.pdf\">Lichtergo1<\/a><\/p>\n\n\n<p><\/p>\n","protected":false},"excerpt":{"rendered":"<p>Dieser Beitrag stellt eine Kurzfassung des Projektberichts &#8222;Licht und Ergonomie&#8220; im Rahmen des Projekts Tageslicht nutzen dar. Der vollst\u00e4ndige Bericht ist als pdf-Datei verf\u00fcgbar. Der Teilbericht zur Nutzung des Tageslichts in der Architektur von Prof. V. Schultz erhalten Sie hier und <a href=\"http:\/\/www.lichtundgesundheit.de\/cyberlux\/?p=37\"> Read more&#8230;<\/a><\/p>\n","protected":false},"author":1,"featured_media":0,"comment_status":"open","ping_status":"open","sticky":false,"template":"","format":"standard","meta":{"footnotes":""},"categories":[32],"tags":[100,107,113,217],"class_list":["post-37","post","type-post","status-publish","format-standard","hentry","category-tageslicht-und-ergonomie","tag-architektur","tag-ges","tag-licht","tag-daylight"],"_links":{"self":[{"href":"http:\/\/www.lichtundgesundheit.de\/cyberlux\/index.php?rest_route=\/wp\/v2\/posts\/37","targetHints":{"allow":["GET"]}}],"collection":[{"href":"http:\/\/www.lichtundgesundheit.de\/cyberlux\/index.php?rest_route=\/wp\/v2\/posts"}],"about":[{"href":"http:\/\/www.lichtundgesundheit.de\/cyberlux\/index.php?rest_route=\/wp\/v2\/types\/post"}],"author":[{"embeddable":true,"href":"http:\/\/www.lichtundgesundheit.de\/cyberlux\/index.php?rest_route=\/wp\/v2\/users\/1"}],"replies":[{"embeddable":true,"href":"http:\/\/www.lichtundgesundheit.de\/cyberlux\/index.php?rest_route=%2Fwp%2Fv2%2Fcomments&post=37"}],"version-history":[{"count":1,"href":"http:\/\/www.lichtundgesundheit.de\/cyberlux\/index.php?rest_route=\/wp\/v2\/posts\/37\/revisions"}],"predecessor-version":[{"id":1289,"href":"http:\/\/www.lichtundgesundheit.de\/cyberlux\/index.php?rest_route=\/wp\/v2\/posts\/37\/revisions\/1289"}],"wp:attachment":[{"href":"http:\/\/www.lichtundgesundheit.de\/cyberlux\/index.php?rest_route=%2Fwp%2Fv2%2Fmedia&parent=37"}],"wp:term":[{"taxonomy":"category","embeddable":true,"href":"http:\/\/www.lichtundgesundheit.de\/cyberlux\/index.php?rest_route=%2Fwp%2Fv2%2Fcategories&post=37"},{"taxonomy":"post_tag","embeddable":true,"href":"http:\/\/www.lichtundgesundheit.de\/cyberlux\/index.php?rest_route=%2Fwp%2Fv2%2Ftags&post=37"}],"curies":[{"name":"wp","href":"https:\/\/api.w.org\/{rel}","templated":true}]}}