{"id":33,"date":"2009-07-18T14:38:07","date_gmt":"2009-07-18T12:38:07","guid":{"rendered":"http:\/\/localhost:8888\/wordpress\/?p=33"},"modified":"2009-10-21T15:49:38","modified_gmt":"2009-10-21T13:49:38","slug":"unterseite","status":"publish","type":"post","link":"http:\/\/www.lichtundgesundheit.de\/cyberlux\/?p=33","title":{"rendered":"Beleuchtungsrelevante Aspekte bei der Auswahl eines f\u00f6rderlichen Lampenspektrums"},"content":{"rendered":"<h3>Autor<\/h3>\n<h2>Dietrich Gall<\/h2>\n<h3>Kurzfassung<\/h3>\n<p><span style=\"font-family: Arial, Helvetica, sans-serif;\">Sp\u00e4testens nach dem Bekanntwerden der spektralen Wirkungskurve der optischen Sensoren f\u00fcr die Steuerung der circadianen Sehbahn im Jahr 2001 ist die Frage nach der Gestaltung der Lampenspektren f\u00fcr Beleuchtungszwecke erneut aktuell geworden. Die Ber\u00fccksichtigung lediglich der spektralen Hellempfindlichkeitsfunktion v(Lambda) und der Normspektralwerte wird k\u00fcnftig nicht mehr als Bewertungskriterien in der Beleuchtungstechnik ausreichen. Anhand von einigen Lampenspektren und deren Bewertung nach unterschiedlichen Kriterien sollen die relevanten Einflussparameter (Helligkeit, Farbe, circadiane Beeinflussung, Sehfunktion, Behaglichkeit, Augensch\u00e4digungen und Farbwiedergabe) gegen\u00fcbergestellt werden.<\/span><\/p>\n<p><span style=\"font-family: Arial, Helvetica, sans-serif;\"><br \/>\n<\/span><\/p>\n<h3>Beitrag<\/h3>\n<p><span style=\"font-family: Arial, Helvetica, sans-serif;\">Sp\u00e4testens nach dem Bekanntwerden der spektralen Wirkungskurve der optischen Sensoren f\u00fcr die Steuerung der circadianen Sehbahn im Jahr 2001 ist die Frage nach der Gestaltung der Lampenspektren f\u00fcr Beleuchtungszwecke erneut aktuell geworden. Die Ber\u00fccksichtigung lediglich der spektralen Hellempfindlichkeitsfunktion v(Lambda) und der Normspektralwerte wird k\u00fcnftig nicht mehr als Bewertungskriterien in der Beleuchtungstechnik ausreichen. Anhand von einigen Lampenspektren und deren Bewertung nach unterschiedlichen Kriterien sollen die relevanten Einflussparameter (Helligkeit, Farbe, circadiane Beeinflussung, Sehfunktion, Behaglichkeit, Augensch\u00e4digungen und Farbwiedergabe) gegen\u00fcbergestellt werden. Dabei beschr\u00e4nken sich die Betrachtungen nur auf den sichtbaren Spektralbereich (380 &#8211; 780 nm).<\/span><\/p>\n<p>Dieses Thema, das uns in den n\u00e4chsten Jahren und Jahrzehnten mit Sicherheit besch\u00e4ftigen wird, bedeutet es doch, dass wir viele Auffassungen von Licht und Beleuchtung \u00e4ndern m\u00fcssen, wurde in dem nachfolgenden Beitrag von Prof. Dietrich Gall umfassend behandelt. Wegen der L\u00e4nge des Beitrags scheint es nicht sinnvoll, diesen am Bildschirm zu lesen. Daher wird der Beitrag in voller L\u00e4nge als pdf zur Verf\u00fcgung gestellt.<\/p>\n<p>Den Wunsch des Autors, den er mit diesem Beitrag verbunden hat, geben wir hier gerne wieder:<\/p>\n<p>Es w\u00fcrde uns freuen, wenn mit dieser Arbeit ein weiterer Ansto\u00df zu einem Paradigmenwechsel in der Beleuchtungsgestaltung gegeben und eine fruchtbare Diskussion eingeleitet wird.<\/p>\n<p>eingestellt in CyberLux: 21. M\u00e4rz 2003<\/p>\n<p><span style=\"font-family: Arial, Helvetica, sans-serif;\"><a href=\"http:\/\/www.lichtundgesundheit.de\/cyberlux\/wp-content\/uploads\/2009\/07\/Gallbeleuchtung.pdf\">Beitrag in pdf<\/a> <\/span><\/p>\n","protected":false},"excerpt":{"rendered":"<p>Autor Dietrich Gall Kurzfassung Sp\u00e4testens nach dem Bekanntwerden der spektralen Wirkungskurve der optischen Sensoren f\u00fcr die Steuerung der circadianen Sehbahn im Jahr 2001 ist die Frage nach der Gestaltung der Lampenspektren f\u00fcr Beleuchtungszwecke erneut aktuell geworden. Die Ber\u00fccksichtigung lediglich der spektralen <a href=\"http:\/\/www.lichtundgesundheit.de\/cyberlux\/?p=33\"> Read more&#8230;<\/a><\/p>\n","protected":false},"author":1,"featured_media":0,"comment_status":"open","ping_status":"open","sticky":false,"template":"","format":"standard","meta":{"footnotes":""},"categories":[127],"tags":[98,104,107,113,120],"class_list":["post-33","post","type-post","status-publish","format-standard","hentry","category-lampenspektrum-und-gesundheit","tag-arbeit","tag-cyberlux","tag-ges","tag-licht","tag-sicherheit"],"_links":{"self":[{"href":"http:\/\/www.lichtundgesundheit.de\/cyberlux\/index.php?rest_route=\/wp\/v2\/posts\/33","targetHints":{"allow":["GET"]}}],"collection":[{"href":"http:\/\/www.lichtundgesundheit.de\/cyberlux\/index.php?rest_route=\/wp\/v2\/posts"}],"about":[{"href":"http:\/\/www.lichtundgesundheit.de\/cyberlux\/index.php?rest_route=\/wp\/v2\/types\/post"}],"author":[{"embeddable":true,"href":"http:\/\/www.lichtundgesundheit.de\/cyberlux\/index.php?rest_route=\/wp\/v2\/users\/1"}],"replies":[{"embeddable":true,"href":"http:\/\/www.lichtundgesundheit.de\/cyberlux\/index.php?rest_route=%2Fwp%2Fv2%2Fcomments&post=33"}],"version-history":[{"count":1,"href":"http:\/\/www.lichtundgesundheit.de\/cyberlux\/index.php?rest_route=\/wp\/v2\/posts\/33\/revisions"}],"predecessor-version":[{"id":793,"href":"http:\/\/www.lichtundgesundheit.de\/cyberlux\/index.php?rest_route=\/wp\/v2\/posts\/33\/revisions\/793"}],"wp:attachment":[{"href":"http:\/\/www.lichtundgesundheit.de\/cyberlux\/index.php?rest_route=%2Fwp%2Fv2%2Fmedia&parent=33"}],"wp:term":[{"taxonomy":"category","embeddable":true,"href":"http:\/\/www.lichtundgesundheit.de\/cyberlux\/index.php?rest_route=%2Fwp%2Fv2%2Fcategories&post=33"},{"taxonomy":"post_tag","embeddable":true,"href":"http:\/\/www.lichtundgesundheit.de\/cyberlux\/index.php?rest_route=%2Fwp%2Fv2%2Ftags&post=33"}],"curies":[{"name":"wp","href":"https:\/\/api.w.org\/{rel}","templated":true}]}}