{"id":289,"date":"2009-07-20T21:00:44","date_gmt":"2009-07-20T19:00:44","guid":{"rendered":"http:\/\/localhost:8888\/wordpress\/?p=289"},"modified":"2009-10-24T12:57:49","modified_gmt":"2009-10-24T10:57:49","slug":"lichttechnische-und-ergonomische-anforderungen-an-arbeitsplatzleuchten","status":"publish","type":"post","link":"http:\/\/www.lichtundgesundheit.de\/cyberlux\/?p=289","title":{"rendered":"Lichttechnische und ergonomische Anforderungen an Arbeitsplatzleuchten"},"content":{"rendered":"<h3>Autor<\/h3>\n<h2>J\u00fcrgen Nevoigt<\/h2>\n<h3>Kurzfassung<\/h3>\n<p><span style=\"font-family: Arial, Helvetica, sans-serif;\">Ausgehend von der historischen Entwicklung des normativen Stellenwertes der Arbeitsplatzleuchte wird deren zunehmende Akzeptanz und ergonomische Bedeutung innerhalb eines ausgewogenen Gesamtbeleuchtungskonzeptes dargestellt. Dabei wird exemplarisch erl\u00e4utert, welche unterschiedlichen Sehanforderungen an Arbeitspl\u00e4tzen -nicht nur im B\u00fcro- anzutreffen sind und welche Konsequenzen diese f\u00fcr die lichttechnischen Parameter einer entsprechenden Arbeitsplatzleuchte bedeuten. Im einzelnen wird dargelegt, auf welche G\u00fcteparameter besonders zu achten ist. <\/span><\/p>\n<p><span style=\"font-family: Arial, Helvetica, sans-serif;\">Ebenso hervorzuheben ist die ergonomische Bedeutung einer flexiblen Einstellbarkeit der Leuchte im Hinblick auf die Anpa\u00dfbarkeit an individuelle Sehleistungen sowie arbeitsbezogene Anforderungen und der damit verbundenen Pr\u00e4vention von Fehlhaltungen und vorzeitigen Erm\u00fcdungserscheinungen. Abschlie\u00dfend kann am Beispiel einer lichttechnischen Simulation ein kurzer Einblick in die rechnergest\u00fctzten M\u00f6glichkeiten der Optimierung von Beleuchtungsparametern im Entwicklungsprozess neuer innovativer Produkte gegeben werden. <\/span><\/p>\n<h3>Beitrag<\/h3>\n<p style=\"margin: 0.0px 0.0px 0.0px 0.0px; font: 12.0px Helvetica;\">Dieser Beitrag ist leider aus technischen Gr\u00fcnden nur als pdf verf\u00fcgbar. <a href=\"http:\/\/www.lichtundgesundheit.de\/cyberlux\/wp-content\/uploads\/2009\/07\/Beitrag_Nevoigt.pdf\">Beitrag_Nevoigt<\/a>. F\u00fcr Leser, die trotzdem auf dem Bildschirm lesen m\u00fcssen, sind die Seiten einzeln abgebildet.<\/p>\n<p style=\"margin: 0.0px 0.0px 0.0px 0.0px; font: 12.0px Helvetica;\">\n<p style=\"margin: 0.0px 0.0px 0.0px 0.0px; font: 12.0px Helvetica;\">\n<p style=\"margin: 0px; font-family: Helvetica; font-style: normal; font-variant: normal; font-weight: normal; font-size: 12px; line-height: normal; font-size-adjust: none; font-stretch: normal; text-align: center;\"><a href=\"http:\/\/localhost:8888\/wordpress\/wp-content\/uploads\/2009\/07\/Snapz-Pro-XScreenshot312.jpg\"><img decoding=\"async\" class=\"aligncenter size-full wp-image-310\" title=\"Snapz Pro XScreenshot312\" src=\"http:\/\/www.lichtundgesundheit.de\/cyberlux\/wp-content\/uploads\/2009\/07\/Snapz-Pro-XScreenshot312.jpg\" alt=\"Snapz Pro XScreenshot312\" \/><\/a><a href=\"http:\/\/localhost:8888\/wordpress\/wp-content\/uploads\/2009\/07\/Snapz-Pro-XScreenshot3131.jpg\"><img decoding=\"async\" class=\"aligncenter size-full wp-image-309\" title=\"Snapz Pro XScreenshot313\" src=\"http:\/\/www.lichtundgesundheit.de\/cyberlux\/wp-content\/uploads\/2009\/07\/Snapz-Pro-XScreenshot3131.jpg\" alt=\"Snapz Pro XScreenshot313\" \/><\/a><a href=\"http:\/\/localhost:8888\/wordpress\/wp-content\/uploads\/2009\/07\/Snapz-Pro-XScreenshot314.jpg\"><img decoding=\"async\" class=\"aligncenter size-full wp-image-308\" title=\"Snapz Pro XScreenshot314\" src=\"http:\/\/www.lichtundgesundheit.de\/cyberlux\/wp-content\/uploads\/2009\/07\/Snapz-Pro-XScreenshot314.jpg\" alt=\"Snapz Pro XScreenshot314\" \/><\/a><a href=\"http:\/\/localhost:8888\/wordpress\/wp-content\/uploads\/2009\/07\/Snapz-Pro-XScreenshot315.jpg\"><img decoding=\"async\" class=\"aligncenter size-full wp-image-307\" title=\"Snapz Pro XScreenshot315\" src=\"http:\/\/www.lichtundgesundheit.de\/cyberlux\/wp-content\/uploads\/2009\/07\/Snapz-Pro-XScreenshot315.jpg\" alt=\"Snapz Pro XScreenshot315\" \/><\/a><a href=\"http:\/\/localhost:8888\/wordpress\/wp-content\/uploads\/2009\/07\/Snapz-Pro-XScreenshot316.jpg\"><img decoding=\"async\" class=\"aligncenter size-full wp-image-306\" title=\"Snapz Pro XScreenshot316\" src=\"http:\/\/www.lichtundgesundheit.de\/cyberlux\/wp-content\/uploads\/2009\/07\/Snapz-Pro-XScreenshot316.jpg\" alt=\"Snapz Pro XScreenshot316\" \/><\/a><a href=\"http:\/\/localhost:8888\/wordpress\/wp-content\/uploads\/2009\/07\/Snapz-Pro-XScreenshot3171.jpg\"><img decoding=\"async\" class=\"aligncenter size-full wp-image-312\" title=\"Snapz Pro XScreenshot317\" src=\"http:\/\/www.lichtundgesundheit.de\/cyberlux\/wp-content\/uploads\/2009\/07\/Snapz-Pro-XScreenshot3171.jpg\" alt=\"Snapz Pro XScreenshot317\" \/><\/a><a href=\"http:\/\/localhost:8888\/wordpress\/wp-content\/uploads\/2009\/07\/Snapz-Pro-XScreenshot318.jpg\"><img decoding=\"async\" class=\"aligncenter size-full wp-image-304\" title=\"Snapz Pro XScreenshot318\" src=\"http:\/\/www.lichtundgesundheit.de\/cyberlux\/wp-content\/uploads\/2009\/07\/Snapz-Pro-XScreenshot318.jpg\" alt=\"Snapz Pro XScreenshot318\" \/><\/a><a href=\"http:\/\/localhost:8888\/wordpress\/wp-content\/uploads\/2009\/07\/Snapz-Pro-XScreenshot319.jpg\"><img decoding=\"async\" class=\"aligncenter size-full wp-image-303\" title=\"Snapz Pro XScreenshot319\" src=\"http:\/\/www.lichtundgesundheit.de\/cyberlux\/wp-content\/uploads\/2009\/07\/Snapz-Pro-XScreenshot319.jpg\" alt=\"Snapz Pro XScreenshot319\" \/><\/a><\/p>\n<p style=\"margin: 0.0px 0.0px 0.0px 0.0px; font: 12.0px Helvetica;\">\n<p style=\"margin: 0.0px 0.0px 0.0px 0.0px; font: 12.0px Helvetica;\">\n<p style=\"margin: 0.0px 0.0px 0.0px 0.0px; font: 12.0px Helvetica;\">\n","protected":false},"excerpt":{"rendered":"<p>Autor J\u00fcrgen Nevoigt Kurzfassung Ausgehend von der historischen Entwicklung des normativen Stellenwertes der Arbeitsplatzleuchte wird deren zunehmende Akzeptanz und ergonomische Bedeutung innerhalb eines ausgewogenen Gesamtbeleuchtungskonzeptes dargestellt. Dabei wird exemplarisch erl\u00e4utert, welche unterschiedlichen Sehanforderungen an Arbeitspl\u00e4tzen -nicht nur im B\u00fcro- anzutreffen sind <a href=\"http:\/\/www.lichtundgesundheit.de\/cyberlux\/?p=289\"> Read more&#8230;<\/a><\/p>\n","protected":false},"author":1,"featured_media":0,"comment_status":"open","ping_status":"open","sticky":false,"template":"","format":"standard","meta":{"footnotes":""},"categories":[155,11,143],"tags":[98,99,102,107,113],"class_list":["post-289","post","type-post","status-publish","format-standard","hentry","category-anforderungen-an-arbeitsplatzleuchten","category-plan","category-produkte-und-technologien","tag-arbeit","tag-arbeitsplatzleuchte","tag-cen","tag-ges","tag-licht"],"_links":{"self":[{"href":"http:\/\/www.lichtundgesundheit.de\/cyberlux\/index.php?rest_route=\/wp\/v2\/posts\/289","targetHints":{"allow":["GET"]}}],"collection":[{"href":"http:\/\/www.lichtundgesundheit.de\/cyberlux\/index.php?rest_route=\/wp\/v2\/posts"}],"about":[{"href":"http:\/\/www.lichtundgesundheit.de\/cyberlux\/index.php?rest_route=\/wp\/v2\/types\/post"}],"author":[{"embeddable":true,"href":"http:\/\/www.lichtundgesundheit.de\/cyberlux\/index.php?rest_route=\/wp\/v2\/users\/1"}],"replies":[{"embeddable":true,"href":"http:\/\/www.lichtundgesundheit.de\/cyberlux\/index.php?rest_route=%2Fwp%2Fv2%2Fcomments&post=289"}],"version-history":[{"count":8,"href":"http:\/\/www.lichtundgesundheit.de\/cyberlux\/index.php?rest_route=\/wp\/v2\/posts\/289\/revisions"}],"predecessor-version":[{"id":871,"href":"http:\/\/www.lichtundgesundheit.de\/cyberlux\/index.php?rest_route=\/wp\/v2\/posts\/289\/revisions\/871"}],"wp:attachment":[{"href":"http:\/\/www.lichtundgesundheit.de\/cyberlux\/index.php?rest_route=%2Fwp%2Fv2%2Fmedia&parent=289"}],"wp:term":[{"taxonomy":"category","embeddable":true,"href":"http:\/\/www.lichtundgesundheit.de\/cyberlux\/index.php?rest_route=%2Fwp%2Fv2%2Fcategories&post=289"},{"taxonomy":"post_tag","embeddable":true,"href":"http:\/\/www.lichtundgesundheit.de\/cyberlux\/index.php?rest_route=%2Fwp%2Fv2%2Ftags&post=289"}],"curies":[{"name":"wp","href":"https:\/\/api.w.org\/{rel}","templated":true}]}}