{"id":241,"date":"2009-07-20T16:00:56","date_gmt":"2009-07-20T14:00:56","guid":{"rendered":"http:\/\/localhost:8888\/wordpress\/?p=241"},"modified":"2009-07-20T16:00:56","modified_gmt":"2009-07-20T14:00:56","slug":"uberblick-uber-aktuelle-trends-in-der-innenraumbeleuchtung-mit-spezieller-beachtung-der-bildschirmarbeitsplatze","status":"publish","type":"post","link":"http:\/\/www.lichtundgesundheit.de\/cyberlux\/?p=241","title":{"rendered":"\u00dcberblick \u00fcber aktuelle Trends in der Innenraumbeleuchtung mit spezieller Beachtung der Bildschirmarbeitspl\u00e4tze"},"content":{"rendered":"<h3>Autor<\/h3>\n<h2>Peter Dehoff<\/h2>\n<h3>Kurzfassung<\/h3>\n<ul>\n<li><span style=\"font-family: Arial, Helvetica, sans-serif;\">Neue europ\u00e4ische Rahmenbedingungen        f\u00fchren zur Einf\u00fchrung neuer Begriffe wie Wartungsfaktoren, Arbeitsbereiche,        neue Blendungsbewertung UGR, was in die DIN-Normung einflie\u00dft.<br \/>\n<\/span><\/li>\n<li><span style=\"font-family: Arial, Helvetica, sans-serif;\">Energieeffizienz, der Einflu\u00df        von Tageslicht und die Qualit\u00e4t von Beleuchtungsanlagen geht in die        Auslegung moderner Beleuchtungen ein.<br \/>\n<\/span><\/li>\n<li><span style=\"font-family: Arial, Helvetica, sans-serif;\">Gesundheit der Menschen am Arbeitsplatz        ist ein zentrales Thema. <\/span><\/li>\n<\/ul>\n<p><span style=\"font-family: Arial, Helvetica, sans-serif;\">Neue Techniken erm\u00f6glichen      es, den alten Wunsch nach Lichtver\u00e4nderungen im Innenraum leichter Wirklichkeit      werden zu lassen.<\/span><\/p>\n<p><span style=\"font-family: Arial, Helvetica, sans-serif;\"><br \/>\n<\/span><\/p>\n<h3>Beitrag<\/h3>\n<p><span style=\"font-family: Arial, Helvetica, sans-serif;\"><strong>1 Einleitung<\/strong><\/p>\n<p>Dieser Beitrag schlie\u00dft an den &#8222;\u00dcberblick \u00fcber            den aktuellen Stand der Innenraumbeleuchtung&#8220; an, der auf der LICHT            2000 gegeben wurde \/Dehoff 2\/. Die wichtigsten Entwicklungen f\u00fcr            die Beleuchtung von Bildschirmarbeitspl\u00e4tzen werden aufgenommen.            Die Vertiefung erfolgt in weiteren Beitr\u00e4gen dieser Tagung, zu            denen eine Br\u00fccke geschlagen werden soll.<\/span><\/p>\n<p><span style=\"font-family: Arial, Helvetica, sans-serif;\">Mein Bem\u00fchen ist, einen            Blick auf die &#8211; aus meiner Sicht &#8211; wichtigsten Themen zu werfen. Es            kann sich nicht um eine Literaturstudie handeln, vielmehr um eine &#8222;zuf\u00e4llige&#8220;            Sammlung von Auff\u00e4lligem.<br \/>\nDie Themen beginnen bei den Rahmenbedingungen, gehen \u00fcber Technologie            und Energieeffizienz bis zu den Aspekten der Qualit\u00e4t von Beleuchtung.            Schlie\u00dflich m\u00fcndet die Sammlung in das Thema Gesundheit,            welches als Schl\u00fcsselthema in unserer Gesellschaft das Zeitalter            der Information und des Wissens abl\u00f6sen wird.<\/span><\/p>\n<p><span style=\"font-family: Arial, Helvetica, sans-serif;\">Bildschirmarbeitspl\u00e4tze            erhalten in diesem Umfeld ein anderes Gewicht. Bildschirme sind allgegenw\u00e4rtige            Arbeitsger\u00e4te, die keine grunds\u00e4tzliche Besonderheit sind,            sondern im Arbeitsumfeld des Menschen integriert sind.<\/span><\/p>\n<p><span style=\"font-family: Arial, Helvetica, sans-serif;\">Welche Folgerungen k\u00f6nnen            wir als Lichttechniker daraus ziehen und welche Themen m\u00fcssen wir            anpacken, um den Stellenwert der Lichttechnik in der Zukunft zu erhalten?<\/span><\/p>\n<p><span style=\"font-family: Arial, Helvetica, sans-serif;\"><strong>2 Einfl\u00fcsse auf            die Gestaltung von Arbeitspl\u00e4tzen mit Bildschirmger\u00e4ten<\/strong><\/p>\n<p>In den letzten Jahren hat sich bei der Betrachtung von Bildschirmarbeitspl\u00e4tzen            ein Wandel vollzogen. Bildschirme sind nicht mehr die schweren unbeweglichen            Ger\u00e4te f\u00fcr Spezialisten, die am liebsten in dunklen H\u00f6hlen            stundenlang vertieft in die R\u00f6hre schauen. Bildschirme sind heute            an nahezu jedem B\u00fcroarbeitsplatz zu finden und sind allgegenw\u00e4rtige            Arbeitsger\u00e4te f\u00fcr Mitarbeiter. Die Anforderungen an Arbeitspl\u00e4tze            sind entsprechend vielf\u00e4ltig. T\u00e4tigkeiten sollen motiviert            und frei von St\u00f6rungen ausgef\u00fchrt werden.<br \/>\nDie Beleuchtung der Arbeitspl\u00e4tze steht unter vielen Einfl\u00fcssen.            Im Rahmen dieser Tagung werden alle Themen in den Einzelvortr\u00e4gen            vertieft.<\/span><\/p>\n<p><span style=\"font-family: Arial, Helvetica, sans-serif;\"><img loading=\"lazy\" decoding=\"async\" src=\"http:\/\/www.cyberlux.de\/deutsch\/articles\/planner\/gesetze\/dehoff\/abb1.gif\" border=\"1\" alt=\"Abb. 1 Einflussgroe\u00dfen auf die Beleuchtung von Bildschirmarbeitsplaetzen\" width=\"437\" height=\"227\" \/><br \/>\n<em>Abb.1 Einflussgr\u00f6\u00dfen auf die Beleuchtung von Bildschirmarbeitspl\u00e4tzen<\/em><\/span><\/p>\n<p><span style=\"font-family: Arial, Helvetica, sans-serif;\">Ein Wandel in der B\u00fcroarbeit            ist im Gange und hat Einfluss auf das Arbeitsleben. Inwiefern er zu            ausschlie\u00dflichen &#8222;dotcom-Gesellschaften&#8220; f\u00fchren            wird, sei dahingestellt. Sp\u00fcrbar ist, dass ein Wandel der Beleuchtung            einsetzt \/OFFICE 21\/.<\/span><\/p>\n<p><span style=\"font-family: Arial, Helvetica, sans-serif;\">Das zentrale Interesse sollte            immer dem Menschen gelten, f\u00fcr den die Gestaltung der Arbeitspl\u00e4tze            erfolgt. Die Planung der Arbeitspl\u00e4tze muss daher sorgf\u00e4ltig            alle Einflussparameter kennen und in Betracht ziehen. Die einzige sinnvolle            Bewertung bei der Gestaltung von Arbeitspl\u00e4tzen ist die Zufriedenheit            der Mitarbeiter.<\/span><\/p>\n<p><span style=\"font-family: Arial, Helvetica, sans-serif;\"><strong>3 Neue normative Rahmenbedingungen            f\u00fcr die Beleuchtung<\/strong><\/p>\n<p>Der Harmonisierungsprozess in Europa bringt auch eine Anpassung der            nationalen Regelwerke in Licht und Beleuchtung (siehe CEN TC 169) mit            sich.<\/span><\/p>\n<p><span style=\"font-family: Arial, Helvetica, sans-serif;\"><strong>3.1 Neue Begriffe durch            die harmonisierten europ\u00e4ischen Normen<\/strong><\/p>\n<p>Im Rahmen der Harmonisierung der europ\u00e4ischen Normen wurden die            generellen Normenwerke jetzt vollendet und stehen kurz vor der formellen            Endabstimmung.<br \/>\nIn der Innenbeleuchtung, die sehr umfassend von der prEN 12464 &#8222;Beleuchtung            von Arbeitsst\u00e4tten&#8220; erfasst wird, war der Prozess des Zusammenf\u00fchrens            der verschiedenen europ\u00e4ischen Begriffe schwei\u00dftreibend.            Der Entwurf des Papiers liegt zur Abstimmung vor.<\/span><\/p>\n<p><span style=\"font-family: Arial, Helvetica, sans-serif;\">F\u00fcr Mitteleuropa sind            neue Begriffe zu lernen. Die Interpretation erfolgt in Anwendungsschriften            der LiTG sowie in nationalen Normen, die den europ\u00e4ischen Anspruch            konkretisieren. Neue Begriffe sind:<\/span><\/p>\n<ul>\n<li><span style=\"font-family: Arial, Helvetica, sans-serif;\">der Wartungswert der Beleuchtungsst\u00e4rke              &gt;&gt; LiTG AG Wartungsfaktor<\/span><\/li>\n<li><span style=\"font-family: Arial, Helvetica, sans-serif;\">der Arbeitsbereich und              seine unmittelbare Umgebung &gt;&gt; FNL\/AK 4.7 und AK 4.8<\/span><\/li>\n<li><span style=\"font-family: Arial, Helvetica, sans-serif;\">der Wartungsfaktor &gt;&gt;              LiTG AG Wartungsfaktor<\/span><\/li>\n<li><span style=\"font-family: Arial, Helvetica, sans-serif;\">das neue Blendungsbewertungsverfahren              UGR (Unified Glare Rating) &gt;&gt; LiTG AG Blendung.<\/span><\/li>\n<\/ul>\n<p><span style=\"font-family: Arial, Helvetica, sans-serif;\">Nahezu identisch mit der            prEN 12464 ist \u00fcbrigens der Entwurf der neuen in Abstimmung befindlichen            ISO CIE Norm &#8222;Lighting of Indoor Workplaces&#8220; \/CIE DS\/.<\/span><\/p>\n<p><span style=\"font-family: Arial, Helvetica, sans-serif;\"><strong>3.2 LiTG AG: Wartungsfaktor<\/strong><\/p>\n<p>Die Planung mit individuellen Wartungsfaktoren, die den Alterungs- und            Verschmutzungszustand von Lampen, Leuchten und Raum w\u00e4hrend der            Betriebszeit einbeziehen sollen, ist Neuland. Grundlage daf\u00fcr ist            die Schrift der \/CIE-97\/ &#8222;Maintenance of electric indoor lighting            systems&#8220;. Dort sind Wartungsfaktoren f\u00fcr Lampen, Leuchten            und R\u00e4ume aufgef\u00fchrt, die aus den 70er und 80er Jahren stammen            und wahrscheinlich zu pessimistisch f\u00fcr heutige Produkte sind.            Moderne Lampen und Leuchten werden derzeit untersucht und vom ZVEI bzw.            in der LiTG Arbeitsgruppe &#8222;Wartungsfaktor&#8220; gesammelt und aufbereitet.            Es wird eine Schrift vorbereitet, die die Planung mit Wartungsfaktoren            erl\u00e4utert.<\/span><\/p>\n<p><span style=\"font-family: Arial, Helvetica, sans-serif;\"><strong>3.3 LiTG AG: Blendung<\/strong><\/p>\n<p>Das neue UGR-Verfahren wurde f\u00fcr Anwender im Entwurf einer neuen            &#8222;Blendungsschrift&#8220; aufbereitet. Dort werden die Verfahren            erl\u00e4utert, wie Blendung bei der Auswahl von Leuchten (z.B. anhand            eines Tabellenverfahrens) und in einer Anlage (z.B. durch Berechnungen            am Arbeitsplatz) bewertet werden kann.<\/span><\/p>\n<p><span style=\"font-family: Arial, Helvetica, sans-serif;\"><strong>3.4 FNL\/AK 4.7: Beleuchtung            von R\u00e4umen mit Bildschirmarbeitspl\u00e4tzen<\/strong><\/p>\n<p>L\u00e4ngst \u00fcberf\u00e4llig war die Aktualisierung der DIN 5035-7            von 1988 \/DIN 7\/, \/Leibig\/. Der neue Entwurf mit Blick auf das neue            europ\u00e4ische Normenwerk wurde gerade ver\u00f6ffentlicht \/DIN 7E\/.<br \/>\nAls Basisnormen f\u00fcr die \u00dcberarbeitung der lichttechnischen            Norm gelten die Ergonomienormen DIN EN ISO 9241 &#8222;Ergonomische Anforderungen            f\u00fcr B\u00fcrot\u00e4tigkeiten mit Bildschirmger\u00e4ten&#8220;,            hier insbesondere Teil 6 und die Teile 7 und 11 \/ISO 6\/, \/ISO 7\/, \/ISO            11\/.<\/span><\/p>\n<p><span style=\"font-family: Arial, Helvetica, sans-serif;\">In DIN 5035 Teil 7 wurde            jetzt verst\u00e4rkt der ganzheitliche Aspekt der Beleuchtung betrachtet.            Insbesonders ist der Arbeitsbereich und seine unmittelbare Umgebung            f\u00fcr verschiedene T\u00e4tigkeiten im B\u00fcro anschaulich dargestellt.<\/span><\/p>\n<p><span style=\"font-family: Arial, Helvetica, sans-serif;\">Die G\u00fctemerkmale der            Beleuchtung werden sehr ausf\u00fchrlich beschrieben. Es findet sich            auch die aus der prEN 12464 und der DIN EN ISO 9241-6 bekannte Anhebung            der Grenzleuchtdichte f\u00fcr Reflexblendung f\u00fcr gut entspiegelte            Bildschirme auf 1000 cd\/m2 (ab einem Grenzausstrahlwinkel rundum von            65\u00b0 f\u00fcr direktstrahlende Leuchten) \/\u00c7akir 2\/. Besonderes            Augenmerk erh\u00e4lt die in die Planung neu eingef\u00fchrte zylindrische            Beleuchtungsst\u00e4rke.<\/span><\/p>\n<p><span style=\"font-family: Arial, Helvetica, sans-serif;\">Bei der Planung soll Tageslicht            explizit ber\u00fccksichtigt werden. Etliche zu beachtende Gesichtspunkte            sind aufgez\u00e4hlt. Der Anordnung der Arbeitspl\u00e4tze und der Auswahl            von Beleuchtungskonzepten und Beleuchtungsarten ist breiter Raum gewidmet.<\/span><\/p>\n<p><span style=\"font-family: Arial, Helvetica, sans-serif;\">Neue Begriffe aufnehmend            unterteilen sich die Beleuchtungskonzepte in<\/span><\/p>\n<ul>\n<li><span style=\"font-family: Arial, Helvetica, sans-serif;\"> raumbezogene Beleuchtung<\/span><\/li>\n<li><span style=\"font-family: Arial, Helvetica, sans-serif;\">arbeitsbereichsbezogene              Beleuchtung<\/span><\/li>\n<li><span style=\"font-family: Arial, Helvetica, sans-serif;\">teilfl\u00e4chenbezogene              Beleuchtung<\/span><\/li>\n<\/ul>\n<p><span style=\"font-family: Arial, Helvetica, sans-serif;\">sowie in die Beleuchtung            einzelner Arbeitspl\u00e4tze.<br \/>\nDer Steuerung von Beleuchtungsanlagen kommt in der Gesamtbetrachtung            eine besondere Bedeutung zu.<br \/>\nDie Tabellen mit Richtwerten f\u00fcr die Beleuchtung wurden gegen\u00fcber            der &#8222;alten&#8220; Norm erg\u00e4nzt und konkretisiert.<\/span><\/p>\n<p><span style=\"font-family: Arial, Helvetica, sans-serif;\"><strong>3.5 FNL\/AK 4.8: Einzelplatzbeleuchtung<\/strong><\/p>\n<p>Die DIN 5035-8 zur Einzelplatzbeleuchtung wird ebenfalls \u00fcberarbeitet            \/DIN 8\/. Hier spielt der neue Begriff des Arbeitsbereiches, ausgehend            von den Definitionen im FNL\/AK 4.7, eine gro\u00dfe Rolle. Der Auftrag            an den Normungsausschuss besteht darin, eine Produktnorm f\u00fcr Einzelplatzleuchten            zu erarbeiten. Die m\u00f6glichen Gef\u00e4hrdungen werden ebenso dargestellt            wie deren Vermeidung durch Anforderungen an die elektrische, thermische            und mechanische Sicherheit sowie an Begrenzung von Emissionen und Blendung.<\/span><\/p>\n<p><span style=\"font-family: Arial, Helvetica, sans-serif;\">Einzelplatzleuchten m\u00fcssen            ergonomischen Prinzipien gen\u00fcgen und Merkmale f\u00fcr die Gebrauchstauglichkeit            erf\u00fcllen. Der Normenentwurf unterliegt noch einer intensiven Bearbeitung            im Normausschu\u00df.<\/span><\/p>\n<p><span style=\"font-family: Arial, Helvetica, sans-serif;\"><strong>3.6 LiTG AG: B\u00fcrobeleuchtung<\/strong><\/p>\n<p>Die Arbeit an einer zusammenfassenden Schrift zur B\u00fcrobeleuchtung            wurde mit der LiTG Sondertagung &#8222;Licht im B\u00fcro&#8220; am 24.9.97            begonnen \/Dehoff 1\/. Seh- und Arbeitsaufgaben, funktionale und organisatorische            Einfl\u00fcsse, Physiologie und Akzeptanz werden einleitend dargestellt            und daraus die Anforderungen an die Beleuchtung mit Tageslicht und k\u00fcnstlichem            Licht beschrieben. Es gehen die aktuellen Inhalte der neuen europ\u00e4ischen            Normen und deren Konkretisierungen speziell in der \u00fcberarbeiteten            DIN 5035 Teil 7 ein. Anschauliche Beispiele geben Hilfestellungen f\u00fcr            die planerische Arbeit.<\/span><\/p>\n<p><span style=\"font-family: Arial, Helvetica, sans-serif;\"><strong>3.7 \u00c4nderung der            Planungspraxis?<\/strong><\/p>\n<p>In der Tendenz erlauben die neuen Ans\u00e4tze in der ergonomischen            Norm DIN EN ISO 9241-6 und in der Vornorm prEN 12464 sowie ihre Konkretisierungen            in den weiterf\u00fchrenden nationalen Normen und Anwendungsschriften            eine st\u00e4rker den Bed\u00fcrfnissen der Menschen angepasste Planung.            Die G\u00fctemerkmale sind auf die tats\u00e4chliche Sehaufgabe bezogen            und m\u00fcssen dort erf\u00fcllt werden, wo die Sehaufgabe auftritt            &#8211; egal, ob es sich um eine horizontale, vertikale oder geneigte Fl\u00e4che            handelt.<\/span><\/p>\n<p><span style=\"font-family: Arial, Helvetica, sans-serif;\">Neu werden die Planungsans\u00e4tze            sein, denn h\u00e4ufig sind Art und Lage der Sehaufgabe im Planungsstadium            nicht bekannt. Prinzipiell hat der Planer die M\u00f6glichkeit, den            Anforderungen angepasste Beleuchtungskonzepte zu w\u00e4hlen und Beleuchtungsniveaus            im Raum abzuwechseln. Die neuen Normen pr\u00e4ferieren kein Beleuchtungskonzept.<\/span><\/p>\n<p><span style=\"font-family: Arial, Helvetica, sans-serif;\">Die bewusstere Wahl der Wartungsfaktoren            und die Festlegung eines Wartungsplans wird f\u00fcr bessere Beleuchtungsverh\u00e4ltnisse            \u00fcber die gesamte Betriebszeit einer Anlage sorgen. Der Wartungswert            der Beleuchtungsst\u00e4rke muss immer mindestens erreicht werden. Das            macht die \u00dcberpr\u00fcfung leichter, wobei selbstverst\u00e4ndlich            auch die anderen G\u00fctemerkmale erreicht werden m\u00fcssen.<\/span><\/p>\n<p><span style=\"font-family: Arial, Helvetica, sans-serif;\">Der Planer hat eine wesentlich            gr\u00f6\u00dfere Freiheit, um gute Beleuchtungsl\u00f6sungen zu schaffen.            Gleichwohl setzt Planung eine umfassende Kenntnis der Aufgabenstellung            und der L\u00f6sungsinstrumente voraus. Nicht einfache Rezepte, sondern            zielgerichtete individuelle L\u00f6sungen werden gefragt.<\/span><\/p>\n<p><span style=\"font-family: Arial, Helvetica, sans-serif;\"><strong>4 Ein kurzer Blick auf            technologische Entwicklungen<br \/>\n4.1 Bildschirme<\/strong><\/p>\n<p>Vom Kathodenstrahl- zum Flachbildschirm nimmt die Qualit\u00e4t der            Entspiegelung der Bildschirmoberfl\u00e4che zu. So l\u00e4sst sich die            wesentliche Entwicklung der Bildschirme beschreiben. Moderne Bildschirme            sind f\u00fcr Reflexe durch die Spiegelung von Fenstern oder Leuchten            bei weitem nicht mehr so empfindlich. Dennoch muss die G\u00fcte der            Entspiegelung, deren Klasseneinteilung sowohl in die DIN EN ISO 9241            Teil 6 als auch in die prEN 12464 wie in den Entwurf der \u00fcberarbeiteten            DIN 5035 Teil 7 eingegangen ist, beachtet werden. DIN EN ISO 9241 Teil            7 gibt die Pr\u00fcfbedingungen vor \/Neumann\/.<\/span><\/p>\n<p><span style=\"font-family: Arial, Helvetica, sans-serif;\"><strong>4.2 Lichtmanagement<\/strong><\/p>\n<p>Die schnellsten Entwicklungen innerhalb der Lichttechnik kommen von            seiten der Lichtsteuerung. Die Einbindung des Lichts in die Hausleittechnik            und verschiedene Bus- und Netzwerktechnologien wie EIB, LON, Luxmate            in Verbindung mit elektronischen Betriebsger\u00e4ten von Lampen und            mit der Einbeziehung von Tageslicht schaffen sehr flexible und vielf\u00e4ltige            M\u00f6glichkeiten, um Licht bei der Nutzung zu optimieren. Vereinfacht            wird die Kommunikation innerhalb dieser Netze k\u00fcnftig durch den            Steuerstandard DALI (Digital addressable lighting interface).<\/span><\/p>\n<p><span style=\"font-family: Arial, Helvetica, sans-serif;\">Die gro\u00dfen Herausforderungen            liegen bei der Nutzerschnittstelle. Die sinnvolle Bedienung des Lichts            ist derzeit noch in den Anf\u00e4ngen. Noch ist die Denkweise des Nutzers            durch den klassischen Schalter fixiert. Hier gilt es, neue L\u00f6sungen            zu finden, die sowohl Anwender als auch Nutzer zufrieden stellen.<\/span><\/p>\n<p><span style=\"font-family: Arial, Helvetica, sans-serif;\"><strong>4.3 Lampen<br \/>\n<\/strong><br \/>\nDie Entwicklungen in der Innenraumbeleuchtung sind h\u00e4ufig mitbestimmt            von der Entwicklung der Lampentechnik. Dort sind es die Steigerung der            Lichtausbeute, die Steigerung der Leistungsstufen und die Verkleinerung            der Lampen, die immer wieder zu neuen Leuchtenformen f\u00fchren.<\/span><\/p>\n<p><span style=\"font-family: Arial, Helvetica, sans-serif;\">In j\u00fcngster Zeit sind            Leuchtdioden in den Mittelpunkt des Interesses ger\u00fcckt und regen            dazu an, sie f\u00fcr die Allgemeinbeleuchtung einsetzbar zu machen            (farbig und wei\u00df, lange Lebensdauer, prognostizierte Lichtausbeute            um 50 lm\/W). Besonders reizvoll ist das Spiel mit Farben.<\/span><\/p>\n<p><span style=\"font-family: Arial, Helvetica, sans-serif;\">Bei Leuchtstofflampen setzt            sich der Trend zur kleineren Bauform (d\u00fcnner bzw. zusammengefaltet)            fort. Damit finden wir immer intensivere Lichtquellen mit h\u00f6heren            Leuchtdichten an der Oberfl\u00e4che. Das Problem der Blendung verst\u00e4rkt            sich dadurch, worauf in der Planung besonders geachtet werden sollte.<\/span><\/p>\n<p><span style=\"font-family: Arial, Helvetica, sans-serif;\"><strong>4.4 Leuchten<br \/>\n<\/strong><br \/>\nDie spektakul\u00e4rsten Entwicklungen in der Leuchtentechnik betreffen            Lichtleiter. Sowohl Faserlicht als auch Hohllichtleiter finden hier            Beachtung. Die Lichtlenkung gro\u00dfer Lichtstr\u00f6me in Geb\u00e4uden            &#8211; Tageslicht \u00fcber Heliostaten oder Kunstlicht aus Entladungslampen            hoher Leistung &#8211; wird im Projekt Arthelio \/Kaase\/ an der TU Berlin erforscht.<\/span><\/p>\n<p><span style=\"font-family: Arial, Helvetica, sans-serif;\"><img loading=\"lazy\" decoding=\"async\" src=\"http:\/\/www.cyberlux.de\/deutsch\/articles\/planner\/gesetze\/dehoff\/abb2.jpg\" border=\"1\" alt=\"Abb. 2 Waveguide Technologie\" width=\"437\" height=\"172\" \/><br \/>\n<em>Abb.2 Waveguide Technologie<\/em><\/span><\/p>\n<p><span style=\"font-family: Arial, Helvetica, sans-serif;\">In der Leuchtentechnik haben            Waveguides neue M\u00f6glichkeiten der flachen Bauform und der gezielten            Lichtlenkung bei Begrenzung von Blendung aufgezeigt.<\/span><\/p>\n<p><span style=\"font-family: Arial, Helvetica, sans-serif;\"><strong>5 Energieeffizienz<br \/>\n<\/strong><br \/>\nDie europ\u00e4ische Lampen- und Leuchtenindustrie hat sich schon fr\u00fch,            beeinflusst durch die Energiekrisen der 70er Jahre, um die effiziente            Nutzung der Energieressourcen bem\u00fcht. Der Einsatz von Leuchtstoff-            und Hochdrucklampen anstelle von Gl\u00fchlampen in kommerziellen und            \u00f6ffentlichen Geb\u00e4uden ist Zeugnis davon.<br \/>\nDazu kommen heute die M\u00f6glichkeiten des Lichtmanagements. Speziell            die Verwendung tageslichtabh\u00e4ngig gesteuerter oder geregelter Anlagen,            die Anwendung von Anwesenheitssensoren und Zeitautomatik k\u00f6nnen            Einspareffekte beim Verbrauch elektrischer Energie von bis zu 60% bringen.<\/span><\/p>\n<p><span style=\"font-family: Arial, Helvetica, sans-serif;\"><strong>5.1 green light &#8211; Energiesparf\u00f6rderung            der EU<\/strong><\/p>\n<p>Die EU f\u00f6rdert Energiesparma\u00dfnahmen und hat mit dem green            light Programm eine Initiative gestartet, die die Anwender von energieeffizienter            Beleuchtung kennzeichnen soll. Die EU sieht ihre Aufgabe in der Promotion            von besonders energiefreundlichen Anlagen durch Werbung, Hinweisschilder            am Geb\u00e4ude, Logo usw. Die F\u00f6rderung selbst soll die Verwendung            energieeffizienter Lampen und Vorschaltger\u00e4te sowie die Verwendung            von tageslicht- oder anwesenheitsabh\u00e4ngiger Steuerung oder Regelung            betreffen.<\/span><\/p>\n<p><span style=\"font-family: Arial, Helvetica, sans-serif;\"><strong>5.2 Energie-Klassifizierung            von Leuchten<\/strong><\/p>\n<p>Die Problematik heutiger Energieeffizienzkennzeichnungen besteht darin,            dass sich zwar Lampen anhand ihrer Lichtausbeute oder Vorschaltger\u00e4te            durch ihren Eigen-energieverbrauch relativ gut klassifizieren lassen.            Bei Leuchten schl\u00e4gt das Vorhaben aber schnell fehl, da hier die            Anwendung bekannt sein muss.<\/span><\/p>\n<p><span style=\"font-family: Arial, Helvetica, sans-serif;\">Ein Strahler, der engb\u00fcndelnd            im Museum \u00fcber eine weite Distanz zielgenau eine Plastik anstrahlt,            mag nur einen Leuchtenbetriebswirkungsgrad von 55% oder gar einen Beleuchtungswirkungsgrad            von 30% besitzen, was ihn aus energetischer Sicht abqualifiziert, w\u00e4hrend            eine freistrahlende Leuchtstofflampe mit h\u00f6chsten Leuchtenbetriebswirkungsgraden            und immer noch guten Beleuchtungswirkungsgraden gl\u00e4nzt, aber die            Aufgabe nicht erf\u00fcllt.<\/span><\/p>\n<p><span style=\"font-family: Arial, Helvetica, sans-serif;\">Einer europ\u00e4ischen Initiative            zur zu starken Simplifizierung der Lichttechnik, z.B. durch die Einf\u00fchrung            eines &#8222;Luminaire Efficiency Factors&#8220;, bei zu \u00fcberm\u00e4\u00dfig            gewichtetem Energiesparbewu\u00dftsein muss durch sachliche Argumente            begegnet werden.<\/span><\/p>\n<p><span style=\"font-family: Arial, Helvetica, sans-serif;\"><strong>6 Tageslicht<\/strong><\/p>\n<p>Die Tageslichtplanung und die Einbeziehung von Tageslicht in den Beleuchtungsentwurf            ist heute eine selbstverst\u00e4ndliche Notwendigkeit (s. z.B. \/VDI\/).            Niemand bezweifelt, dass Tageslicht in Arbeitsr\u00e4umen vorhanden            sein muss. Die positiven Qualit\u00e4ten von Tageslicht sind unbestritten.            Zunehmend wird die gesundheitliche Bedeutung von Tageslicht f\u00fcr            die Beleuchtung von Arbeitsst\u00e4tten erkannt und die Ber\u00fccksichtigung            zur Forderung erhoben.<\/span><\/p>\n<p><span style=\"font-family: Arial, Helvetica, sans-serif;\"><strong>6.1 Tageslicht hilft            beim Energiesparen<\/strong><\/p>\n<p>Zum einen ist Tageslicht die Steuerquelle f\u00fcr das Kunstlicht. Die            Philosophie hei\u00dft: 500 lx am Arbeitsplatz sind gut. Wenn sie durch            Tageslicht erreicht werden kann, dann kann das Kunstlicht in entsprechendem            Ma\u00dfe zur\u00fcckgenommen werden. Das hilft beim Sparen elektrischer            Energie.<\/span><\/p>\n<p><span style=\"font-family: Arial, Helvetica, sans-serif;\"><strong>6.2 Tageslicht steigert            das Wohlbefinden<\/strong><\/p>\n<p>Das Bewusstsein, die tageszeitliche Ver\u00e4nderung miterleben zu k\u00f6nnen,            den Blick nach drau\u00dfen zu haben, die positiven Wirkungen des Tageslichtes            zu empfangen, ist die andere Komponente des Tageslichtes. Dazu kommt,            dass das Bed\u00fcrfnis nach Helligkeit im Raum mit steigendem Tageslichtangebot            zunimmt \/Begemann\/. In den mitteleurop\u00e4ischen Breiten besteht zweifelsfrei            ein Hunger nach Licht, der in einem standardisiert beleuchteten Raum            &#8211; eben mit 500 lx &#8211; nicht befriedigt wird, wenn im Verh\u00e4ltnis dazu            das Au\u00dfenlicht sehr hell ist. D.h., dass zeitweise mehr Kunstlicht            gebraucht wird, um den Helligkeitsmangel im Innenraum auszugleichen.<\/span><\/p>\n<p><span style=\"font-family: Arial, Helvetica, sans-serif;\"><strong>6.3 Tageslicht &#8222;f\u00f6rdert&#8220;            die Gesundheit<\/strong><\/p>\n<p>Die Bedeutung von Tageslicht im Leben des Menschen ist erkannt (siehe            andere Vortr\u00e4ge). Es ist w\u00fcnschenswert, dass auch &#8222;Gesundheitsanteile&#8220;            der Beleuchtung in der Planungspraxis einen festen Stellenwert bekommen.<\/span><\/p>\n<p><span style=\"font-family: Arial, Helvetica, sans-serif;\"><strong>6.4 Positive Attributierung<\/strong><\/p>\n<p>Tageslicht ist gut. Es gilt gemeinhin als die einzige gesunde und &#8222;gl\u00fccklich            machende&#8220; Lichtquelle. Aus dieser sehr positiven Attributierung            erw\u00e4chst eine kontroverse Haltung zur k\u00fcnstlichen Beleuchtung.            Speziell die &#8222;hellen&#8220; Leuchtstofflampen gelten manchmal noch            als Konkurrenten des Tageslichtes. Die hohe Qualit\u00e4t der k\u00fcnstlichen            Beleuchtung mit sehr guten Farbwiedergabeeigenschaften, flimmerfreiem            Licht und n\u00f6tigenfalls kompletter spektraler Verteilung sollte            immer wieder ins Spiel gebracht werden, ohne allerdings eine unsinnige            Konkurrenzsituation herauf zubeschw\u00f6ren.<\/span><\/p>\n<p><span style=\"font-family: Arial, Helvetica, sans-serif;\"><strong>6.5 Tageslichtsysteme<\/strong><\/p>\n<p>Die Nutzung von nat\u00fcrlichem Licht hat zu Lichtlenksystemen gef\u00fchrt,            welche das Tageslicht in die Raumtiefe lenken \/OTTI\/.<\/span><\/p>\n<p><span style=\"font-family: Arial, Helvetica, sans-serif;\"><strong>7 Qualit\u00e4t von Beleuchtungsanlagen<\/strong><\/p>\n<p>Die Qualit\u00e4t von Beleuchtungsanlagen hat sich in den letzten Jahren            zu einem Dauerthema entwickelt. Den Ursprung nahm die Diskussion nach            der Feststellung, dass Beleuchtungsanlagen zwar normgerecht geplant            sein k\u00f6nnen, deswegen aber noch lange nicht von den Nutzern akzeptiert            werden m\u00fcssen.<\/span><\/p>\n<p><span style=\"font-family: Arial, Helvetica, sans-serif;\"><strong>7.1 Die Akzeptanz der            Beleuchtung eines Arbeitsplatzes<\/strong><\/p>\n<p>Die Arbeitsgruppe &#8222;Akzeptanz von Beleuchtungsanlagen&#8220; der            LiTG definiert &#8222;die Akzeptanz als positive Antwort auf die Erwartungshaltung            an eine visuelle Darbietung&#8220;. In Laborversuchen unter Praxisbedingungen            durch \/Bodmann\/ und \/Gall\/ und bei Umfragen im Feld durch \/\u00c7akir            1\/ wurde festgestellt, dass die wesentlichen lichttechnischen G\u00fctemerkmale            mit modernen Beleuchtungssystemen eingehalten werden. \/Schierz\/ beschreibt            die Bewertung der Beleuchtung anhand des mentalen Konzeptes mit der            Zuordnung deskriptiver Attribute. Die Akzeptanz und positive Bewertung            der Leuchten h\u00e4ngt beim Nutzer stark vom Erscheinungsbild und der            individuellen Eingriffsm\u00f6glichkeit ab. Die untersuchten Beleuchtungssysteme            waren statisch, d.h. nicht regelbar.<br \/>\nAkzeptanz h\u00e4ngt demnach von der Art der Lichtverteilung im Raum            und der individuellen Einflussnahme ab.<\/span><\/p>\n<p><span style=\"font-family: Arial, Helvetica, sans-serif;\"><strong>7.2 G\u00fctemerkmale            einer Beleuchtungsanlage<\/strong><\/p>\n<p>Die physikalisch erfassbaren G\u00fctemerkmale sind in den Normen wie            der DIN 5035 beschrieben \/DIN 1\/, \/DIN 2\/. Unzweifelhaft m\u00fcssen            in jeder Beleuchtungsanlagen die Anforderungen an<\/span><\/p>\n<ul>\n<li><span style=\"font-family: Arial, Helvetica, sans-serif;\">das Beleuchtungsniveau<\/span><\/li>\n<li><span style=\"font-family: Arial, Helvetica, sans-serif;\">die Helligkeitsverteilung<\/span><\/li>\n<li><span style=\"font-family: Arial, Helvetica, sans-serif;\">die Blendungsbegrenzung              (Direkt- und Reflexblendung)<\/span><\/li>\n<li><span style=\"font-family: Arial, Helvetica, sans-serif;\">die Farbwiedergabe<\/span><\/li>\n<li><span style=\"font-family: Arial, Helvetica, sans-serif;\">die Lichtfarbe<\/span><\/li>\n<li><span style=\"font-family: Arial, Helvetica, sans-serif;\">die Lichtrichtung<\/span><\/li>\n<li><span style=\"font-family: Arial, Helvetica, sans-serif;\">die Schattigkeit<\/span><\/li>\n<\/ul>\n<p><span style=\"font-family: Arial, Helvetica, sans-serif;\">erf\u00fcllt werden.<br \/>\nF\u00fcr die einzelnen Merkmale werden Ma\u00dfzahlen angegeben, sodass            sie in installierten Anlagen \u00fcberpr\u00fcft werden k\u00f6nnen.            Die Kontrastwiedergabe anhand des CRF (Contrast Rendition Factor) sollte            durchaus wieder in die Praxis eingef\u00fchrt werden, da sie qualitative            Aussagen \u00fcber m\u00f6gliche Reflexblendung am Arbeitsplatz erlaubt            \/LiTG13\/.<\/span><\/p>\n<p><span style=\"font-family: Arial, Helvetica, sans-serif;\">Die klassischen G\u00fctemerkmale            der DIN werden in der Neuauflage des Handbuchs der Beleuchtung \/Lange\/            erg\u00e4nzt um <\/span><\/p>\n<ul>\n<li><span style=\"font-family: Arial, Helvetica, sans-serif;\"> die Ergonomie von Beleuchtungsanlagen<\/span><\/li>\n<li><span style=\"font-family: Arial, Helvetica, sans-serif;\">die subjektiven Kriterien              Raumharmonie, Lichtstimmung und Lichtgestaltung<\/span><\/li>\n<li><span style=\"font-family: Arial, Helvetica, sans-serif;\">die Wirtschaftlichkeit.<\/span><\/li>\n<\/ul>\n<p><span style=\"font-family: Arial, Helvetica, sans-serif;\">Als Priorit\u00e4ten in der            Qualit\u00e4tsbetrachtung der Lichtplanung werden Sehkomfort, Sehleistung            und Raumambiente aufgef\u00fchrt.<\/span><\/p>\n<p><img loading=\"lazy\" decoding=\"async\" src=\"http:\/\/www.cyberlux.de\/deutsch\/articles\/planner\/gesetze\/dehoff\/abb3.gif\" border=\"1\" alt=\"Abb.3 Priorit\u00e4tendreieck (Handbuch der Beleuchtung) aus \/Lange\/\" width=\"250\" height=\"319\" \/><br \/>\n<span style=\"font-family: Arial, Helvetica, sans-serif;\"><em>Abb.3 Priorit\u00e4tendreieck            (Handbuch der Beleuchtung) aus \/Lange\/<\/em><\/span><\/p>\n<p><span style=\"font-family: Arial, Helvetica, sans-serif;\"><strong>7.3 Lighting Quality<br \/>\n<\/strong><br \/>\nUmfassender oder auch &#8222;ganzheitlicher&#8220; ist der Ansatz im amerikanischen            Handbuch der Beleuchtung der \/IESNA\/.<br \/>\nAufbauend auf Beschreibungen von \/Loe\/ und Rowlands, die als Ziel der            Lichtplanung das Erreichen visueller Annehmlichkeit (visual amenity)            sehen. Diese besteht aus der Komposition von Helligkeit (visual lightness:            Beleuchtungsst\u00e4rke und Reflexionsgrade auf den vertikalen Fl\u00e4chen            der Umgebung) und visueller Attraktivit\u00e4t (visual interest: Grad            der Ungleichm\u00e4\u00dfigkeit durch Licht und Schatten sowie durch            Beleuchtungsst\u00e4rke- bzw. Leuchtdichte-\u00dcberg\u00e4nge zwischen            den Fl\u00e4chen). Die Autoren sehen als L\u00f6sung eine ma\u00dfvolle            Umgebungsbeleuchtung und gute Beleuchtung der Sehaufgaben.<\/span><\/p>\n<p><span style=\"font-family: Arial, Helvetica, sans-serif;\">Die Eckpunkte des amerikanischen            Priorit\u00e4tendreiecks bilden, frei \u00fcbersetzt,<\/span><\/p>\n<ul>\n<li><span style=\"font-family: Arial, Helvetica, sans-serif;\">die Ergonomie (Anforderungen              des Menschen)<\/span><\/li>\n<li><span style=\"font-family: Arial, Helvetica, sans-serif;\">die \u00d6konomie und              \u00d6kologie<\/span><\/li>\n<li><span style=\"font-family: Arial, Helvetica, sans-serif;\">die Architektur.<\/span><\/li>\n<\/ul>\n<p><img loading=\"lazy\" decoding=\"async\" src=\"http:\/\/www.cyberlux.de\/deutsch\/articles\/planner\/gesetze\/dehoff\/abb4.jpg\" border=\"1\" alt=\"Abb.4 aus \/IESNA\/\" width=\"291\" height=\"340\" \/><br \/>\n<span style=\"font-family: Arial, Helvetica, sans-serif;\"><em>Abb.4 aus \/IESNA\/<\/em><\/span><\/p>\n<p><span style=\"font-family: Arial, Helvetica, sans-serif;\">Lam, zitiert in \/Hofmann\/,            trennt die Beleuchtungskomponenten der visuellen Umwelt auf. Er unterscheidet            in drei &#8222;needs&#8220;: activity needs (funktional), die die Beleuchtung            der eigentlichen Sehaufgabe betreffen, biological needs (emotional),            die die unbewusste Wahrnehmung der Umgebung betreffen und architectural            needs (\u00e4sthetisch), die das gestalterische Empfinden ansprechen.<\/span><\/p>\n<p><span style=\"font-family: Arial, Helvetica, sans-serif;\">&#8222;Um gutes Licht zu planen,            muss der Planer die Prinzipien und Prozesse der visuellen Wahrnehmung            sowie die menschlichen Bed\u00fcrfnisse nach visueller Information deutlich            verstehen.&#8220;<br \/>\nWilliam Lam<\/span><\/p>\n<p><span style=\"font-family: Arial, Helvetica, sans-serif;\"><strong><br \/>\n7.4 LiTG AG: Qualit\u00e4t von Beleuchtungsanlagen<\/strong><\/p>\n<p>Die neu gegr\u00fcndete Arbeitsgruppe &#8222;Qualit\u00e4t von Beleuchtungsanlagen&#8220;            (Leiter: P. Dehoff) nimmt die aktuelle Diskussion auf. Die Vorarbeiten            wurden bereits durch die Arbeitsgruppen &#8222;Leuchtdichte&#8220;, deren            Ergebnisse \/Hentschel\/ zusammenfasste, und &#8222;Akzeptanz von Beleuchtungsanlagen&#8220;            geleistet.<\/span><\/p>\n<p><span style=\"font-family: Arial, Helvetica, sans-serif;\">Ein Ergebnis der Diskussion            um das Thema Akzeptanz fasst \/Kramer 2\/ in seinen &#8222;Acht Geboten            des guten Lichts&#8220; zusammen. Er erweitert den Begriff der Qualit\u00e4t            um Aspekte der Asthetik und der Wertung, Orientierung und Einordnung            durch den Menschen. Kramer stellt innerhalb der Arbeitsgruppe die Verbindung            zum CIE TC 3-34 her, welches unter Jennifer Veitch die &#8222;Qualit\u00e4t            von Beleuchtungsanlagen&#8220; bearbeitet \/Kramer 1\/. Grundlage sind            die Beitr\u00e4ge aus dem Symposium &#8222;Lighting Quality&#8220; in            Ottawa 1998 \/CIE x015\/. <\/span><\/p>\n<p><span style=\"font-family: Arial, Helvetica, sans-serif;\">&#8222;Wir ben\u00f6tigen            eine Definition von Lichtqualit\u00e4t, die f\u00fcr das &#8222;sch\u00f6ne&#8220;            und das Arbeitslicht, f\u00fcr das nat\u00fcrliche wie das k\u00fcnstliche            Licht gleicherma\u00dfen g\u00fcltig ist und die nicht nur den K\u00f6rper            des Menschen, sondern auch seine Psyche und das Empfinden, d.h. den            gesamten Menschen, ber\u00fccksichtigt.&#8220;<br \/>\nDr. Heinrich Kramer<\/span><\/p>\n<p><span style=\"font-family: Arial, Helvetica, sans-serif;\"><br \/>\n<strong>8 Gesundheit und Gesundheitsvorsorge<\/strong><\/p>\n<p>Die Wirkungen optischer Strahlung auf den Menschen &#8211; im sch\u00e4digenden            wie im heilenden Sinne und zur Beleuchtung der visuellen Umwelt &#8211; wurde            im Februar in Berlin diskutiert \/Symp 1 und 2\/.<\/span><\/p>\n<p><span style=\"font-family: Arial, Helvetica, sans-serif;\"><strong>8.1 Lichttherapie und            Lichtbedarf<\/strong><\/p>\n<p>Die wissenschaftlichen Erkenntnisse liegen seit den 70er Jahren vor.            Lichttherapie, d.h. die Bestrahlung durch hohe Beleuchtungsst\u00e4rke            von 2.500 bis 10.000 Lux (am Auge), wird medizinisch angewendet, um            SAD (Seasonal affective disorder) mit Erfolg zu heilen \/Zulley\/. Langsam            ist das auch in das Bewusstsein der Lichttechniker eingedrungen.<\/span><\/p>\n<p><span style=\"font-family: Arial, Helvetica, sans-serif;\">Besondere Beachtung findet            in der laufenden Forschung (\/Brainard\/, \/Ehrenstein\/, \/\u00c7akir            1\/) der Einfluss des Tageslichts auf den Circadianen Rhythmus des Menschen.            Das sich \u00fcber den Tag und das Jahr ver\u00e4ndernde nat\u00fcrliche            Licht hat den Sehapparat geformt und den Menschen in seiner Wahrnehmungsgewohnheit            gepr\u00e4gt. Licht wird in der medizinischen Literatur als &#8222;Zeitgeber&#8220;            erkannt und seine Auswirkung auf den Hormonhaushalt, insbesondere auf            das Hormon Melatonin, ausf\u00fchrlich mit Blick auf die physiologische            Stimulierung diskutiert.<\/span><\/p>\n<p><span style=\"font-family: Arial, Helvetica, sans-serif;\">Untersuchungen zu bevorzugten            Beleuchtungsniveaus und Beleuchtungssituationen in Abh\u00e4ngigkeit            von Tages- und Jahreszeit wurden bereits 1993 gestartet und \u00fcber            l\u00e4ngere Zeitr\u00e4ume durchgef\u00fchrt. Es hat sich gezeigt,            dass die Nutzer der B\u00fcros im Mittel 800 lx &#8222;k\u00fcnstliche&#8220;            Beleuchtungsst\u00e4rke zus\u00e4tzlich zum Tageslicht einstellen. Ein            &#8222;Tageszeiteffekt&#8220;, der die unterschiedliche Lichterwartung            am Morgen, am Mittag und am Abend beschreibt, ist aufgrund des circadianen            Musters und des Munterkeitsniveaus des Menschen mit biologischer Stimulation            zu erkl\u00e4ren \/Begemann\/. <\/span><\/p>\n<p><img loading=\"lazy\" decoding=\"async\" src=\"http:\/\/www.cyberlux.de\/deutsch\/articles\/planner\/gesetze\/dehoff\/abb5.gif\" border=\"1\" alt=\"Abb.5 Beispielhafter Verlauf der Munterkeit \u00fcber 24 Stunden\" width=\"437\" height=\"337\" \/><br \/>\n<span style=\"font-family: Arial, Helvetica, sans-serif;\"><em>Abb.5 Beispielhafter Verlauf            der Munterkeit \u00fcber 24 Stunden<\/em><\/span><\/p>\n<p><span style=\"font-family: Arial, Helvetica, sans-serif;\">Ein Lichtbedarf in k\u00fcnstlich            beleuchteten R\u00e4umen, der \u00fcber das in den Normen geforderte            Ma\u00df an Beleuchtungsst\u00e4rke hinausgeht, kann daraus abgeleitet            werden.<br \/>\n\/Moore-Ede\/ beschreibt die Munterkeit des Menschen, die \u00fcber den            Tag sehr stark schwankt. Diese sehr naheliegende Erkenntnis wird oft            ignoriert. Die Munterkeit wird durch das Umfeld beeinflusst. H\u00f6here            Beleuchtungsst\u00e4rke bzw. gr\u00f6\u00dfere Leuchtdichten wirken            der Erm\u00fcdung entgegen.<br \/>\n\/K\u00fcller\/ und Wetterberg berichten, dass schnelle Lichtwechsel stimulieren,            w\u00e4hrend monotones visuelles Umfeld Inaktivit\u00e4t und Schlafbereitschaft            f\u00f6rdern.<\/span><\/p>\n<p><span style=\"font-family: Arial, Helvetica, sans-serif;\"><strong>8.2 Literaturstudie &#8222;Licht            und Gesundheit&#8220;<\/strong><\/p>\n<p>Die Berufsgenossenschaften widmen sich im Rahmen ihres erweiterten Pr\u00e4ventionsauftrags            zur Verh\u00fctung arbeitsbedingter Unfallgefahren dem Einfluss von            Licht auf die Gesundheit der Menschen in der Arbeitswelt. Es sollen            alle Faktoren, die die Gesundheit der Menschen am Arbeitsplatz beeintr\u00e4chtigen            k\u00f6nnen, ber\u00fccksichtigt werden. Sie gaben daher eine ausf\u00fchrliche            Literaturstudie in Auftrag, die von Dr. Joachim Fisch an der TU Ilmenau            durchgef\u00fchrt wurde und 773 Literaturstellen zum Thema auflistet            \/Fisch\/. Sie fasst die wichtigsten Aussagen zusammen zu<\/span><\/p>\n<ul>\n<li><span style=\"font-family: Arial, Helvetica, sans-serif;\"> Wirkungen optischer Strahlung              auf den Menschen<\/span><\/li>\n<li><span style=\"font-family: Arial, Helvetica, sans-serif;\">Aspekte zu photobiologischen              Prozessabl\u00e4ufen beim Menschen<\/span><\/li>\n<li><span style=\"font-family: Arial, Helvetica, sans-serif;\">Schutz vor energiereicher              optischer Strahlung<\/span><\/li>\n<\/ul>\n<p><span style=\"font-family: Arial, Helvetica, sans-serif;\">Im Ausblick auf m\u00f6gliche            Forschungsvorhaben weist Dr. Fisch darauf hin, dass sich die Lichttechnik            zu stark mit der Erkennbarkeit von Sehobjekten und Gegenst\u00e4nden            und dem Wohlbefinden unter k\u00fcnstlicher Beleuchtung besch\u00e4ftigt            hat.<\/span><\/p>\n<p><span style=\"font-family: Arial, Helvetica, sans-serif;\"><em>&#8222;Fakt ist, dass der            Lichtbedarf der Menschen nicht richtig eingesch\u00e4tzt wurde. \u2026<br \/>\nDie Licht- und Strahlungstechniker, aber auch die Architekten m\u00fcssen            ihre vordergr\u00fcndige Aufgabe in der Entwicklung und Realisierung            gesundheitsf\u00f6rdernder k\u00fcnstlicher Beleuchtung sehen. Der Einsatz            von Sonnen- und Tageslicht muss wegen seiner lebensfreundlichen und            gesundheitsf\u00f6rdernden Wirkungen weiter st\u00e4rker ber\u00fccksichtigt            werden.&#8220; <\/em><br \/>\nDr. Joachim Fisch<\/span><\/p>\n<p><span style=\"font-family: Arial, Helvetica, sans-serif;\"><br \/>\n<strong>9 Ver\u00e4nderung des Lichts<br \/>\n<\/strong><br \/>\n\/Krueger\/, Vorstand des Instituts f\u00fcr Arbeitswissenschaft und Hygiene            an der ETH Z\u00fcrich, hat hier eine wichtige physiologisch-kognitive            Gestaltungsregel formuliert:<\/span><\/p>\n<p><span style=\"font-family: Arial, Helvetica, sans-serif;\"><em>&#8222;Es ist wichtig,            Beleuchtung nicht als statische, \u00fcber einen Raum und seine begrenzenden            Fl\u00e4chen als m\u00f6glichst gleichm\u00e4\u00dfige Installation,            sondern Beleuchtung als dynamisches Design eines visuellen Raumklimas            aufzufassen.&#8220; <\/em><br \/>\nProf. Dr. Helmut Krueger<\/span><\/p>\n<p><span style=\"font-family: Arial, Helvetica, sans-serif;\">Damit kann ein Schl\u00fcssel            daf\u00fcr gefunden werden, wie man besser auf die Bed\u00fcrfnisse            der Menschen eingehen kann:<\/span><\/p>\n<ul>\n<li><span style=\"font-family: Arial, Helvetica, sans-serif;\">Einhalten der lichttechnischen              G\u00fctemerkmale<\/span><\/li>\n<li><span style=\"font-family: Arial, Helvetica, sans-serif;\">Bei sinnvoller Ver\u00e4nderung              des Lichts<\/span><\/li>\n<li><span style=\"font-family: Arial, Helvetica, sans-serif;\">Unter Einbeziehung des              Tageslichts<\/span><\/li>\n<\/ul>\n<p><span style=\"font-family: Arial, Helvetica, sans-serif;\">Diese Kriterien machen ein            positives Erleben des beleuchteten Raumes m\u00f6glich.<br \/>\nDie Anforderung an Beleuchtungsl\u00f6sungen ist demnach, die Ver\u00e4nderung            von Licht bereits sehr fr\u00fch einzuplanen und das Beleuchtungskonzept            so zu entwickeln, dass unterschiedliche Lichtstimmungen m\u00f6glich            sind. Die Ver\u00e4nderung des Lichts als Planungsansatz zu w\u00e4hlen            und entsprechende Leuchtenkomponenten und Steuerung einzuplanen, ist            der Trend k\u00fcnftiger Lichtl\u00f6sungen.<\/span><\/p>\n<p><img loading=\"lazy\" decoding=\"async\" src=\"http:\/\/www.cyberlux.de\/deutsch\/articles\/planner\/gesetze\/dehoff\/abb6.gif\" border=\"1\" alt=\"Abb.6 Auf den Menschen wirkende Einflussfaktoren nach \/Fleischer 3\/\" width=\"437\" height=\"304\" \/><br \/>\n<span style=\"font-family: Arial, Helvetica, sans-serif;\"><em>Abb.6 Auf den Menschen            wirkende Einflussfaktoren nach \/Fleischer 3\/<\/em><\/span><\/p>\n<p><span style=\"font-family: Arial, Helvetica, sans-serif;\"><br \/>\nFleischer <\/span><span style=\"font-family: Arial, Helvetica, sans-serif;\">\/ Fleischer            1, 2 und 3\/, untersuchte in ihrer Dissertation die psychologische Wirkung            ver\u00e4nderlicher Kunstlichtsituationen auf den Menschen und erkannte:<\/span><\/p>\n<p><span style=\"font-family: Arial, Helvetica, sans-serif;\"><em>&#8222;Mittels einer detaillierten            Betrachtung der Wirkung der variierbaren Einflussgr\u00f6\u00dfen Helligkeitsverteilung,            Lichtfarbe und Beleuchtungsst\u00e4rke ist es m\u00f6glich, ver\u00e4nderliche            Lichtsituationen (Lichtszenarien) zu entwerfen, die den Anforderungen            bez\u00fcglich T\u00e4tigkeitsart, Aktivierung und Wohlbefinden gerecht            werden. \u2026<br \/>\nSo k\u00f6nnen f\u00fcr B\u00fcroanwendungen Lichtszenarien erstellt            werden, die ergonomisch sinnvoll sind und sich darr\u00fcber hinaus            positiv auf das Wohlbefinden auswirken. Kunstlicht kann dabei als Stimulans            eingesetzt werden, und zwar im Rahmen der b\u00fcro\u00fcblichen Beleuchtungssysteme            und ohne Erh\u00f6hung des Energieverbrauchs.&#8220;<\/em><br \/>\nDr.-Ing. Susanne Fleischer<\/span><\/p>\n<p><span style=\"font-family: Arial, Helvetica, sans-serif;\"><strong>10 Nachwort<\/strong><\/p>\n<p>Die Lichttechnik muss sich interdisziplin\u00e4r \u00f6ffnen und die            wichtige Bedeutung von Licht f\u00fcr das (\u00dcber)Leben der Menschen            klarmachen. Licht ist mehr als nur Beleuchtung von R\u00e4umen und Gegenst\u00e4nden.            Licht ist ein Lebenselixier, und wir alle m\u00fcssen den Mut haben,            diese gesellschaftlich so wichtige Rolle des Lichts in unserem Alltag            intensiv zu erl\u00e4utern und Lichtideen und -l\u00f6sungen schaffen,            die die Menschen gesund halten, motivieren und begeistern.<\/span><\/p>\n<p><span style=\"font-family: Arial, Helvetica, sans-serif;\"><strong>11 Literatur<\/strong><\/p>\n<p><\/span><\/p>\n<table border=\"1\" cellspacing=\"0\" cellpadding=\"2\" width=\"450\">\n<tbody>\n<tr>\n<td width=\"26%\" height=\"66\" align=\"left\" valign=\"top\"><span style=\"font-family: Arial, Helvetica, sans-serif;\">Begemann<\/span><\/td>\n<td width=\"74%\" height=\"66\" align=\"left\" valign=\"top\">\n<div><span style=\"font-family: Arial, Helvetica, sans-serif;\">Begemann,                  S.H.A; van den Beld, G.J.; Tenner, A.D.: &#8222;Daylight, Artificial                  light, and people in an office environment&#8220;, Advances in                  occupational Ergonomics and safety I (1996), S. 192-198<\/span><\/div>\n<\/td>\n<\/tr>\n<tr>\n<td width=\"26%\" height=\"74\" align=\"left\" valign=\"top\"><span style=\"font-family: Arial, Helvetica, sans-serif;\">Bodmann<\/span><\/td>\n<td width=\"74%\" height=\"74\" align=\"left\" valign=\"top\">\n<div><span style=\"font-family: Arial, Helvetica, sans-serif;\">Bodmann,                  H.W. u.a.: &#8222;Lichttechnische und ergonomische G\u00fctekriterien                  der Einzel-<br \/>\nplatzbeleuchtung im B\u00fcro&#8220; Schriftenreihe der Bundesanstalt                  f\u00fcr Arbeitsschutz Fb 712 1995<\/span><\/div>\n<\/td>\n<\/tr>\n<tr>\n<td width=\"26%\" align=\"left\" valign=\"top\"><span style=\"font-family: Arial, Helvetica, sans-serif;\">Brainard<\/span><\/td>\n<td width=\"74%\" align=\"left\" valign=\"top\">\n<div><span style=\"font-family: Arial, Helvetica, sans-serif;\">Brainard                  G. C.; Bernecker C. A.: &#8222;The effects of light on human physiology                  and behaviour&#8220;, 1995 CIE Conference New Delhi<\/span><\/div>\n<\/td>\n<\/tr>\n<tr>\n<td width=\"26%\" align=\"left\" valign=\"top\"><span style=\"font-family: Arial, Helvetica, sans-serif;\">\u00c7akir<\/span><\/td>\n<td width=\"74%\" align=\"left\" valign=\"top\">\n<div><span style=\"font-family: Arial, Helvetica, sans-serif;\">\u00c7akir,                  A.; \u00c7akir, G.: &#8222;Licht und Gesundheit:<br \/>\nEine Untersuchung zum Stand der Beleuchtungstechnik in deutschen                  B\u00fcros&#8220;, ERGONOMIC Institut f\u00fcr Arbeits- und Sozialforschung,                  3. erweiterte Auflage, Berlin Januar 1998<\/span><\/div>\n<\/td>\n<\/tr>\n<tr>\n<td width=\"26%\" align=\"left\" valign=\"top\"><span style=\"font-family: Arial, Helvetica, sans-serif;\">\u00c7akir<\/span><\/td>\n<td width=\"74%\" align=\"left\" valign=\"top\">\n<div><span style=\"font-family: Arial, Helvetica, sans-serif;\">\u00c7akir,                  A.; \u00c7akir G.: &#8222;Neue Europ\u00e4ische Norm f\u00fcr                  die ergonomische Gestaltung der Arbeitsumgebung bei B\u00fcroarbeit                  mit Bildschirmger\u00e4ten&#8220;, LICHT 2000, Tagungsband, S.                  404-415<\/span><\/div>\n<\/td>\n<\/tr>\n<tr>\n<td width=\"26%\" align=\"left\" valign=\"top\"><span style=\"font-family: Arial, Helvetica, sans-serif;\">CIE DS<\/span><\/td>\n<td width=\"74%\" align=\"left\" valign=\"top\">\n<div><span style=\"font-family: Arial, Helvetica, sans-serif;\">CIE                  DS 008.3\/E &#8222;Lighting of Indoor Workplaces&#8220;, CIE Draft                  Standard, 2001<\/span><\/div>\n<\/td>\n<\/tr>\n<tr>\n<td width=\"26%\" align=\"left\" valign=\"top\"><span style=\"font-family: Arial, Helvetica, sans-serif;\">CIE-97<\/span><\/td>\n<td width=\"74%\" align=\"left\" valign=\"top\">\n<div><span style=\"font-family: Arial, Helvetica, sans-serif;\"><span style=\"font-family: Arial, Helvetica, sans-serif;\"><span style=\"font-family: Arial, Helvetica, sans-serif;\">CIE,                  &#8222;Maintenance of indoor electric lighting systems&#8220;, Publ.                  Nr. 97, 1992<\/span><\/span><\/span><\/div>\n<\/td>\n<\/tr>\n<tr>\n<td width=\"26%\" align=\"left\" valign=\"top\"><span style=\"font-family: Arial, Helvetica, sans-serif;\">CIE x015<\/span><\/td>\n<td width=\"74%\" align=\"left\" valign=\"top\">\n<div><span style=\"font-family: Arial, Helvetica, sans-serif;\"><span style=\"font-family: Arial, Helvetica, sans-serif;\"><span style=\"font-family: Arial, Helvetica, sans-serif;\">CIE,                  &#8222;Proceedings of the First CIE Symposium on Lighting Quality&#8220;,                  9.-10.5.98, Ottawa<\/span><\/span><\/span><\/div>\n<\/td>\n<\/tr>\n<tr>\n<td width=\"26%\" align=\"left\" valign=\"top\"><span style=\"font-family: Arial, Helvetica, sans-serif;\">Dehoff 1<\/span><\/td>\n<td width=\"74%\" align=\"left\" valign=\"top\">\n<div><span style=\"font-family: Arial, Helvetica, sans-serif;\"><span style=\"font-family: Arial, Helvetica, sans-serif;\"><span style=\"font-family: Arial, Helvetica, sans-serif;\">Dehoff,                  P.; Schmits, P.: &#8222;B\u00fcrobeleuchtung: Erkenntnisstand aus                  Theorie und Praxis&#8220;, LiTG Sondertagung &#8222;Licht im B\u00fcro&#8220;                  am 24.9.97, Schriftenreihe der Bundesanstalt f\u00fcr Arbeitsschutz,                  Tb 85 1998, S. 67 &#8211; 88<\/span><\/span><\/span><\/div>\n<\/td>\n<\/tr>\n<tr>\n<td width=\"26%\" align=\"left\" valign=\"top\"><span style=\"font-family: Arial, Helvetica, sans-serif;\">Dehoff 2<\/span><\/td>\n<td width=\"74%\" align=\"left\" valign=\"top\">\n<div><span style=\"font-family: Arial, Helvetica, sans-serif;\"><span style=\"font-family: Arial, Helvetica, sans-serif;\"><span style=\"font-family: Arial, Helvetica, sans-serif;\">Dehoff,                  P.: &#8222;Zum Stand der Innenraumbeleuchtung &#8211; ein \u00dcberblick&#8220;,                  Licht 2000, Tagungsband S. 40-51 und in Licht, Heft 8\/2001, S.                  602-609<\/span><\/span><\/span><\/div>\n<\/td>\n<\/tr>\n<tr>\n<td width=\"26%\" align=\"left\" valign=\"top\"><span style=\"font-family: Arial, Helvetica, sans-serif;\">DIN1<\/span><\/td>\n<td width=\"74%\" align=\"left\" valign=\"top\">\n<div><span style=\"font-family: Arial, Helvetica, sans-serif;\"><span style=\"font-family: Arial, Helvetica, sans-serif;\"><span style=\"font-family: Arial, Helvetica, sans-serif;\">DIN                  5035 Teil 1 Beleuchtung mit k\u00fcnstlichem Licht: Begriffe und                  allgemeine Anforderungen, Normenausschu\u00df f\u00fcr Lichttechnik,                  Juni 1990<\/span><\/span><\/span><\/div>\n<\/td>\n<\/tr>\n<tr>\n<td width=\"26%\" align=\"left\" valign=\"top\"><span style=\"font-family: Arial, Helvetica, sans-serif;\">DIN 2<\/span><\/td>\n<td width=\"74%\" align=\"left\" valign=\"top\">\n<div><span style=\"font-family: Arial, Helvetica, sans-serif;\"><span style=\"font-family: Arial, Helvetica, sans-serif;\"><span style=\"font-family: Arial, Helvetica, sans-serif;\">DIN                  5035 Teil 2 Beleuchtung mit k\u00fcnstlichem Licht: Begriffe und                  allgemeine Anforderungen, Normenausschu\u00df f\u00fcr Lichttechnik                  , September 1990<\/span><\/span><\/span><\/div>\n<\/td>\n<\/tr>\n<tr>\n<td width=\"26%\" align=\"left\" valign=\"top\"><span style=\"font-family: Arial, Helvetica, sans-serif;\">DIN 7<\/span><\/td>\n<td width=\"74%\" align=\"left\" valign=\"top\">\n<div><span style=\"font-family: Arial, Helvetica, sans-serif;\"><span style=\"font-family: Arial, Helvetica, sans-serif;\"><span style=\"font-family: Arial, Helvetica, sans-serif;\">DIN                  5035 Teil 7, Innenraumbeleuchtung mit k\u00fcnstlichem Licht:                  Beleuchtung von R\u00e4umen mit Bildschirmarbeitspl\u00e4tzen                  und mit Arbeitspl\u00e4tzen mit Bildschirmunterst\u00fctzung,                  Normenausschu\u00df f\u00fcr Lichttechnik , September 1988<\/span><\/span><\/span><\/div>\n<\/td>\n<\/tr>\n<tr>\n<td width=\"26%\" align=\"left\" valign=\"top\"><span style=\"font-family: Arial, Helvetica, sans-serif;\">DIN 7E<\/span><\/td>\n<td width=\"74%\" align=\"left\" valign=\"top\">\n<div><span style=\"font-family: Arial, Helvetica, sans-serif;\"><span style=\"font-family: Arial, Helvetica, sans-serif;\"><span style=\"font-family: Arial, Helvetica, sans-serif;\">E                  DIN 5035 Teil 7, Innenraumbeleuchtung mit k\u00fcnstlichem Licht:                  Beleuchtung von R\u00e4umen mit Bildschirmarbeitspl\u00e4tzen                  und mit Arbeitspl\u00e4tzen mit Bildschirmunterst\u00fctzung,                  Normenausschu\u00df f\u00fcr Lichttechnik , Entwurf Oktober 2001                  (\u00fcberarbeitete Fassung)<\/span><\/span><\/span><\/div>\n<\/td>\n<\/tr>\n<tr>\n<td width=\"26%\" height=\"60\" align=\"left\" valign=\"top\"><span style=\"font-family: Arial, Helvetica, sans-serif;\">DIN 8<\/span><\/td>\n<td width=\"74%\" height=\"60\" align=\"left\" valign=\"top\">\n<div><span style=\"font-family: Arial, Helvetica, sans-serif;\"><span style=\"font-family: Arial, Helvetica, sans-serif;\"><span style=\"font-family: Arial, Helvetica, sans-serif;\">DIN                  5035 Teil 8, Spezielle Anforderung zur Einzelplatzbeleuchtung                  in B\u00fcror\u00e4umen und b\u00fcro\u00e4hnlichen R\u00e4umen,                  Normenausschu\u00df f\u00fcr Lichttechnik, Mai 1994<\/span><\/span><\/span><\/div>\n<\/td>\n<\/tr>\n<tr>\n<td width=\"26%\" align=\"left\" valign=\"top\"><span style=\"font-family: Arial, Helvetica, sans-serif;\">Ehrenstein<\/span><\/td>\n<td width=\"74%\" align=\"left\" valign=\"top\">\n<div><span style=\"font-family: Arial, Helvetica, sans-serif;\"><span style=\"font-family: Arial, Helvetica, sans-serif;\"><span style=\"font-family: Arial, Helvetica, sans-serif;\"><span style=\"font-family: Arial, Helvetica, sans-serif;\"><span style=\"font-family: Arial, Helvetica, sans-serif;\">Ehrenstein                  Ehrenstein, W.: &#8222;Licht ist der st\u00e4rkste Zeitgeber des                  Menschen&#8220;, Therapiewoche 43,21 (1993), S. 1198-1205<\/span><\/span><\/span><\/span><\/span><\/div>\n<\/td>\n<\/tr>\n<tr>\n<td width=\"26%\" align=\"left\" valign=\"top\"><em><strong><span style=\"font-family: Arial, Helvetica, sans-serif;\"><strong><strong><em><em> <\/em><\/em><\/strong><\/strong><\/span><\/strong><\/em><\/td>\n<td width=\"74%\" align=\"left\" valign=\"top\">\n<div><span style=\"font-family: Arial, Helvetica, sans-serif;\"><span style=\"font-family: Arial, Helvetica, sans-serif;\"><span style=\"font-family: Arial, Helvetica, sans-serif;\">Ehrenstein                  W.: &#8222;Circadian lighting systems&#8220;, International Lighting                  Review, 1995, 2, S. 64-67<\/span><\/span><\/span><\/div>\n<\/td>\n<\/tr>\n<tr>\n<td width=\"26%\" align=\"left\" valign=\"top\"><span style=\"font-family: Arial, Helvetica, sans-serif;\">Fisch<\/span><\/td>\n<td width=\"74%\" align=\"left\" valign=\"top\">\n<div><span style=\"font-family: Arial, Helvetica, sans-serif;\"><span style=\"font-family: Arial, Helvetica, sans-serif;\"><span style=\"font-family: Arial, Helvetica, sans-serif;\">Fisch,                  J.: Licht und Gesundheit &#8211; Das Leben mit optischer Strahlung,                  Maschinen- u. Metall-Berufsgenossenschaft (Hrsg.), 2000<\/span><\/span><\/span><\/div>\n<\/td>\n<\/tr>\n<tr>\n<td width=\"26%\" align=\"left\" valign=\"top\"><span style=\"font-family: Arial, Helvetica, sans-serif;\">Fleischer 1<\/span><\/td>\n<td width=\"74%\" align=\"left\" valign=\"top\">\n<div><span style=\"font-family: Arial, Helvetica, sans-serif;\"><span style=\"font-family: Arial, Helvetica, sans-serif;\"><span style=\"font-family: Arial, Helvetica, sans-serif;\">Fleischer,                  S.; Krueger, H.; Schierz, C.: Forschungsvorhaben \u201aHarmonisches                  Licht&#8216;. Neue Ans\u00e4tze zur Kombination von Tageslicht und Kunstlicht&#8220;,                  Licht 98, Tagungsband, S. 300-307<\/span><\/span><\/span><\/div>\n<\/td>\n<\/tr>\n<tr>\n<td width=\"26%\" align=\"left\" valign=\"top\"><span style=\"font-family: Arial, Helvetica, sans-serif;\">Fleischer 2<\/span><\/td>\n<td width=\"74%\" align=\"left\" valign=\"top\">\n<div><span style=\"font-family: Arial, Helvetica, sans-serif;\"><span style=\"font-family: Arial, Helvetica, sans-serif;\"><span style=\"font-family: Arial, Helvetica, sans-serif;\">Fleischer,                  S.; Krueger, H.; Schierz, C.: &#8222;Zeitliche und \u00f6rtliche                  Ver\u00e4nderungen in der Helligkeitsverteilung in B\u00fcror\u00e4umen&#8220;,                  Licht 2000, Tagungsband, S. 587-592<\/span><\/span><\/span><\/div>\n<\/td>\n<\/tr>\n<tr>\n<td width=\"26%\" align=\"left\" valign=\"top\"><span style=\"font-family: Arial, Helvetica, sans-serif;\">Fleischer 3<\/span><\/td>\n<td width=\"74%\" align=\"left\" valign=\"top\">\n<div><span style=\"font-family: Arial, Helvetica, sans-serif;\"><span style=\"font-family: Arial, Helvetica, sans-serif;\"><span style=\"font-family: Arial, Helvetica, sans-serif;\">Fleischer,                  S.: &#8222;Die psychologische Wirkung ver\u00e4nderlicher Kunstlichtsituationen                  auf den Menschen&#8220;, Dissertation an der ETH Z\u00fcrich, Nr.                  14033<\/span><\/span><\/span><\/div>\n<\/td>\n<\/tr>\n<tr>\n<td width=\"26%\" align=\"left\" valign=\"top\"><span style=\"font-family: Arial, Helvetica, sans-serif;\">Gall<\/span><\/td>\n<td width=\"74%\" align=\"left\" valign=\"top\">\n<div><span style=\"font-family: Arial, Helvetica, sans-serif;\"><span style=\"font-family: Arial, Helvetica, sans-serif;\"><span style=\"font-family: Arial, Helvetica, sans-serif;\">Gall,                  D. u.a.: &#8222;Einzelplatzbeleuchtung und Allgemeinbeleuchtung                  am Arbeitsplatz&#8220; Schriftenreihe der Bundesanstalt f\u00fcr                  Arbeitsschutz Fb 753 1996<\/span><\/span><\/span><\/div>\n<\/td>\n<\/tr>\n<tr>\n<td width=\"26%\" align=\"left\" valign=\"top\"><span style=\"font-family: Arial, Helvetica, sans-serif;\">Hentschel<\/span><\/td>\n<td width=\"74%\" align=\"left\" valign=\"top\">\n<div><span style=\"font-family: Arial, Helvetica, sans-serif;\"><span style=\"font-family: Arial, Helvetica, sans-serif;\"><span style=\"font-family: Arial, Helvetica, sans-serif;\">Hentschel,                  H.-J.: &#8222;Bevorzugte Leuchtdichtebereiche in der Innenbeleuchtung&#8220;,                  Licht 5, 1990, S. 404-411<\/span><\/span><\/span><\/div>\n<\/td>\n<\/tr>\n<tr>\n<td width=\"26%\" align=\"left\" valign=\"top\"><span style=\"font-family: Arial, Helvetica, sans-serif;\">Hofmann<\/span><\/td>\n<td width=\"74%\" align=\"left\" valign=\"top\">\n<div><span style=\"font-family: Arial, Helvetica, sans-serif;\"><span style=\"font-family: Arial, Helvetica, sans-serif;\"><span style=\"font-family: Arial, Helvetica, sans-serif;\">Hentschel,                  H.-J.: &#8222;Bevorzugte Leuchtdichtebereiche in der Innenbeleuchtung&#8220;,                  Licht 5, 1990, S. 404-411<\/span><\/span><\/span><\/div>\n<\/td>\n<\/tr>\n<tr>\n<td width=\"26%\" align=\"left\" valign=\"top\"><span style=\"font-family: Arial, Helvetica, sans-serif;\">IESNA<\/span><\/td>\n<td width=\"74%\" align=\"left\" valign=\"top\">\n<div><span style=\"font-family: Arial, Helvetica, sans-serif;\"><span style=\"font-family: Arial, Helvetica, sans-serif;\"><span style=\"font-family: Arial, Helvetica, sans-serif;\">Illuminating                  Engineering Society of North America: &#8222;The IESNA Lighting                  Handbook&#8220; 9th edition, 2000<\/span><\/span><\/span><\/div>\n<\/td>\n<\/tr>\n<tr>\n<td width=\"26%\" align=\"left\" valign=\"top\"><span style=\"font-family: Arial, Helvetica, sans-serif;\">ISO 6<\/span><\/td>\n<td width=\"74%\" align=\"left\" valign=\"top\">\n<div><span style=\"font-family: Arial, Helvetica, sans-serif;\"><span style=\"font-family: Arial, Helvetica, sans-serif;\"><span style=\"font-family: Arial, Helvetica, sans-serif;\">DIN                  EN ISO 9241 Teil 6, &#8222;Ergonomische Anforderungen f\u00fcr                  B\u00fcrot\u00e4tigkeiten mit Bildschirmger\u00e4ten &#8211; Leits\u00e4tze                  f\u00fcr die Arbeitsumgebung&#8220;<\/span><\/span><\/span><\/div>\n<\/td>\n<\/tr>\n<tr>\n<td width=\"26%\" align=\"left\" valign=\"top\"><span style=\"font-family: Arial, Helvetica, sans-serif;\">ISO 7<\/span><\/td>\n<td width=\"74%\" align=\"left\" valign=\"top\">\n<div><span style=\"font-family: Arial, Helvetica, sans-serif;\"><span style=\"font-family: Arial, Helvetica, sans-serif;\"><span style=\"font-family: Arial, Helvetica, sans-serif;\">DIN                  EN ISO 9241 Teil 7, &#8222;Ergonomische Anforderungen f\u00fcr                  B\u00fcrot\u00e4tigkeiten mit Bildschirmger\u00e4ten &#8211; Anforderung                  an visuelle Anzeigen bez\u00fcglich Reflexionen&#8220;<\/span><\/span><\/span><\/div>\n<\/td>\n<\/tr>\n<tr>\n<td width=\"26%\" align=\"left\" valign=\"top\"><span style=\"font-family: Arial, Helvetica, sans-serif;\">ISO 11<\/span><\/td>\n<td width=\"74%\" align=\"left\" valign=\"top\">\n<div><span style=\"font-family: Arial, Helvetica, sans-serif;\"><span style=\"font-family: Arial, Helvetica, sans-serif;\"><span style=\"font-family: Arial, Helvetica, sans-serif;\">DIN                  EN ISO 9241 Teil 11, &#8222;Ergonomische Anforderungen f\u00fcr                  B\u00fcrot\u00e4tigkeiten mit Bildschirmger\u00e4ten &#8211; Leits\u00e4tze&#8220;<\/span><\/span><\/span><\/div>\n<\/td>\n<\/tr>\n<tr>\n<td width=\"26%\" align=\"left\" valign=\"top\"><span style=\"font-family: Arial, Helvetica, sans-serif;\">Kaase<\/span><\/td>\n<td width=\"74%\" align=\"left\" valign=\"top\">\n<div><span style=\"font-family: Arial, Helvetica, sans-serif;\"><span style=\"font-family: Arial, Helvetica, sans-serif;\"><span style=\"font-family: Arial, Helvetica, sans-serif;\">Kaase,                  H.; Kloss, S.H.; M\u00fcller, T.; Rosemann, A.; Serick, F.: &#8222;Arthelio&#8220;,                  Licht 3\/2000, S. 326-331<\/span><\/span><\/span><\/div>\n<\/td>\n<\/tr>\n<tr>\n<td width=\"26%\" align=\"left\" valign=\"top\"><span style=\"font-family: Arial, Helvetica, sans-serif;\">Kramer 1<\/span><\/td>\n<td width=\"74%\" align=\"left\" valign=\"top\">\n<div><span style=\"font-family: Arial, Helvetica, sans-serif;\"><span style=\"font-family: Arial, Helvetica, sans-serif;\"><span style=\"font-family: Arial, Helvetica, sans-serif;\">Kramer,                  H.: &#8222;Glaubensfrage Lichtqualit\u00e4t&#8220;, Professional                  Lighting Design Nr. 8, 4\/1999, S. 36-41<\/span><\/span><\/span><\/div>\n<\/td>\n<\/tr>\n<tr>\n<td width=\"26%\" align=\"left\" valign=\"top\"><span style=\"font-family: Arial, Helvetica, sans-serif;\">Kramer 2<\/span><\/td>\n<td width=\"74%\" align=\"left\" valign=\"top\">\n<div><span style=\"font-family: Arial, Helvetica, sans-serif;\"><span style=\"font-family: Arial, Helvetica, sans-serif;\"><span style=\"font-family: Arial, Helvetica, sans-serif;\">Kramer,                  H.: Die acht Gebote guter Lichtgestaltung&#8220;, Licht 98, Tagungsband,                  S. 438-446<\/span><\/span><\/span><\/div>\n<\/td>\n<\/tr>\n<tr>\n<td width=\"26%\" align=\"left\" valign=\"top\"><span style=\"font-family: Arial, Helvetica, sans-serif;\">Krueger<\/span><\/td>\n<td width=\"74%\" align=\"left\" valign=\"top\">\n<div><span style=\"font-family: Arial, Helvetica, sans-serif;\"><span style=\"font-family: Arial, Helvetica, sans-serif;\"><span style=\"font-family: Arial, Helvetica, sans-serif;\">Krueger                  H.: &#8222;Wahrnehmung und Befindlichkeit ins richtige Licht gesetzt&#8220;,                  Licht 94 in Interlaken, Tagungsband, S. 13-26<\/span><\/span><\/span><\/div>\n<\/td>\n<\/tr>\n<tr>\n<td width=\"26%\" align=\"left\" valign=\"top\"><span style=\"font-family: Arial, Helvetica, sans-serif;\">K\u00fcller<\/span><\/td>\n<td width=\"74%\" align=\"left\" valign=\"top\">\n<div><span style=\"font-family: Arial, Helvetica, sans-serif;\"><span style=\"font-family: Arial, Helvetica, sans-serif;\"><span style=\"font-family: Arial, Helvetica, sans-serif;\">K\u00fcller                  R.; Wetterberg L.: &#8222;Melatonin, cortisol, EEG, ECG and subjective                  comfort in healthy humans: impact of two fluorescent lamp types                  at two light intensities&#8220;, LR &amp; T 25 (1993), S. 71-81<\/span><\/span><\/span><\/div>\n<\/td>\n<\/tr>\n<tr>\n<td width=\"26%\" align=\"left\" valign=\"top\"><span style=\"font-family: Arial, Helvetica, sans-serif;\">Lange<\/span><\/td>\n<td width=\"74%\" align=\"left\" valign=\"top\">\n<div><span style=\"font-family: Arial, Helvetica, sans-serif;\"><span style=\"font-family: Arial, Helvetica, sans-serif;\"><span style=\"font-family: Arial, Helvetica, sans-serif;\">Lange,                  H.: &#8222;Handbuch der Beleuchtung&#8220;, ecomed-Verlag, einschlie\u00dflich                  7. Erg\u00e4nzungslieferung 3\/00<\/span><\/span><\/span><\/div>\n<\/td>\n<\/tr>\n<tr>\n<td width=\"26%\" align=\"left\" valign=\"top\"><span style=\"font-family: Arial, Helvetica, sans-serif;\">Leibig<\/span><\/td>\n<td width=\"74%\" align=\"left\" valign=\"top\">\n<div><span style=\"font-family: Arial, Helvetica, sans-serif;\"><span style=\"font-family: Arial, Helvetica, sans-serif;\"><span style=\"font-family: Arial, Helvetica, sans-serif;\">Leibig,                  J.: &#8222;Beleuchtung von R\u00e4umen mit Bildschirmen&#8220;,                  LICHT2000, Tagungsband, S. 237-244<\/span><\/span><\/span><\/div>\n<\/td>\n<\/tr>\n<tr>\n<td width=\"26%\" align=\"left\" valign=\"top\"><span style=\"font-family: Arial, Helvetica, sans-serif;\">LiTG13<\/span><\/td>\n<td width=\"74%\" align=\"left\" valign=\"top\">\n<div><span style=\"font-family: Arial, Helvetica, sans-serif;\"><span style=\"font-family: Arial, Helvetica, sans-serif;\"><span style=\"font-family: Arial, Helvetica, sans-serif;\">LiTG                  Publikation Nr. 13: &#8222;Der Kontrastwiedergabefaktor CRF &#8211; ein                  G\u00fctemerkmal der Innenraumbeleuchtung&#8220; 1991<\/span><\/span><\/span><\/div>\n<\/td>\n<\/tr>\n<tr>\n<td width=\"26%\" align=\"left\" valign=\"top\"><span style=\"font-family: Arial, Helvetica, sans-serif;\">Loe<\/span><\/td>\n<td width=\"74%\" align=\"left\" valign=\"top\">\n<div><span style=\"font-family: Arial, Helvetica, sans-serif;\"><span style=\"font-family: Arial, Helvetica, sans-serif;\"><span style=\"font-family: Arial, Helvetica, sans-serif;\">Loe,                  D.L.; Rowlands, E.: &#8222;The art and science of lighting: A strategy                  for lighting design&#8220;, LR&amp;T 28 (1996), S. 153-164<\/span><\/span><\/span><\/div>\n<\/td>\n<\/tr>\n<tr>\n<td width=\"26%\" align=\"left\" valign=\"top\"><span style=\"font-family: Arial, Helvetica, sans-serif;\">Moore-Ede<\/span><\/td>\n<td width=\"74%\" align=\"left\" valign=\"top\">\n<div><span style=\"font-family: Arial, Helvetica, sans-serif;\"><span style=\"font-family: Arial, Helvetica, sans-serif;\"><span style=\"font-family: Arial, Helvetica, sans-serif;\">Moore-Ede,                  M.: &#8222;Die 24-Stunden Gesellschaft, Heyne Verlag, 1993<\/span><\/span><\/span><\/div>\n<\/td>\n<\/tr>\n<tr>\n<td width=\"26%\" align=\"left\" valign=\"top\"><span style=\"font-family: Arial, Helvetica, sans-serif;\">Neumann<\/span><\/td>\n<td width=\"74%\" align=\"left\" valign=\"top\">\n<div><span style=\"font-family: Arial, Helvetica, sans-serif;\"><span style=\"font-family: Arial, Helvetica, sans-serif;\"><span style=\"font-family: Arial, Helvetica, sans-serif;\">Neumann,                  S.: &#8222;Rahmenbedingungen f\u00fcr die Planung der Beleuchtung                  im Arbeitssystem B\u00fcro&#8220;, LICHT2000, Tagungsband, S. 228-236<\/span><\/span><\/span><\/div>\n<\/td>\n<\/tr>\n<tr>\n<td width=\"26%\" align=\"left\" valign=\"top\"><span style=\"font-family: Arial, Helvetica, sans-serif;\">OFFICE 21<\/span><\/td>\n<td width=\"74%\" align=\"left\" valign=\"top\">\n<div><span style=\"font-family: Arial, Helvetica, sans-serif;\"><span style=\"font-family: Arial, Helvetica, sans-serif;\"><span style=\"font-family: Arial, Helvetica, sans-serif;\">Bullinger,                  H.-J.; Bauer, W.; Kern, P.; Zinser, S.: &#8222;Zukunftsoffensive                  OFFICE 21, B\u00fcroarbeit in der dotcom-Gesellschaft&#8220;, vgs                  Verlagsgesellschaft 2000<\/span><\/span><\/span><\/div>\n<\/td>\n<\/tr>\n<tr>\n<td width=\"26%\" align=\"left\" valign=\"top\"><span style=\"font-family: Arial, Helvetica, sans-serif;\">OTTI<\/span><\/td>\n<td width=\"74%\" align=\"left\" valign=\"top\">\n<div><span style=\"font-family: Arial, Helvetica, sans-serif;\"><span style=\"font-family: Arial, Helvetica, sans-serif;\"><span style=\"font-family: Arial, Helvetica, sans-serif;\">Symposien                  Innovative Lichttechnik in Geb\u00e4uden 1 bis 7, jeweils im Januar<\/span><\/span><\/span><\/div>\n<\/td>\n<\/tr>\n<tr>\n<td width=\"26%\" align=\"left\" valign=\"top\"><span style=\"font-family: Arial, Helvetica, sans-serif;\">prEN 12464<\/span><\/td>\n<td width=\"74%\" align=\"left\" valign=\"top\">\n<div><span style=\"font-family: Arial, Helvetica, sans-serif;\"><span style=\"font-family: Arial, Helvetica, sans-serif;\"><span style=\"font-family: Arial, Helvetica, sans-serif;\">Beleuchtung                  von Arbeitsst\u00e4tten in Innenr\u00e4umen, Entwurf der CEN TC                  169 WG2, August 2001 (nur intern)<\/span><\/span><\/span><\/div>\n<\/td>\n<\/tr>\n<tr>\n<td width=\"26%\" align=\"left\" valign=\"top\"><span style=\"font-family: Arial, Helvetica, sans-serif;\">Range<\/span><\/td>\n<td width=\"74%\" align=\"left\" valign=\"top\">\n<div><span style=\"font-family: Arial, Helvetica, sans-serif;\"><span style=\"font-family: Arial, Helvetica, sans-serif;\"><span style=\"font-family: Arial, Helvetica, sans-serif;\">Range,                  H. D.: &#8222;Beleuchtung von Bildschirmarbeitspl\u00e4tzen, Stellungnahme                  zum anerkannten Stand der Technik&#8220;, Licht 3\/98, S. 204-209<\/span><\/span><\/span><\/div>\n<\/td>\n<\/tr>\n<tr>\n<td width=\"26%\" align=\"left\" valign=\"top\"><span style=\"font-family: Arial, Helvetica, sans-serif;\">Schierz<\/span><\/td>\n<td width=\"74%\" align=\"left\" valign=\"top\">\n<div><span style=\"font-family: Arial, Helvetica, sans-serif;\"><span style=\"font-family: Arial, Helvetica, sans-serif;\"><span style=\"font-family: Arial, Helvetica, sans-serif;\">Schierz                  C.; Krueger H.: &#8222;Wahrnehmung und Bewertung k\u00fcnstlich                  beleuchteter R\u00e4ume&#8220;, Licht 96, Tagungsband, S. 392-401<\/span><\/span><\/span><\/div>\n<\/td>\n<\/tr>\n<tr>\n<td width=\"26%\" align=\"left\" valign=\"top\"><span style=\"font-family: Arial, Helvetica, sans-serif;\">Schmitz 1<\/span><\/td>\n<td width=\"74%\" align=\"left\" valign=\"top\">\n<div><span style=\"font-family: Arial, Helvetica, sans-serif;\"><span style=\"font-family: Arial, Helvetica, sans-serif;\"><span style=\"font-family: Arial, Helvetica, sans-serif;\">Schmits,                  P. W.: &#8222;Wieviel Licht braucht das B\u00fcro?&#8220;, Licht                  + Architektur, 2\/1999, S. 54-59<\/span><\/span><\/span><\/div>\n<\/td>\n<\/tr>\n<tr>\n<td width=\"26%\" align=\"left\" valign=\"top\"><span style=\"font-family: Arial, Helvetica, sans-serif;\">Schmitz 2<\/span><\/td>\n<td width=\"74%\" align=\"left\" valign=\"top\">\n<div><span style=\"font-family: Arial, Helvetica, sans-serif;\"><span style=\"font-family: Arial, Helvetica, sans-serif;\"><span style=\"font-family: Arial, Helvetica, sans-serif;\">Schmits.                  P.: &#8222;Arbeitsst\u00e4ttenbeleuchtung in Deutschland nach der                  EN 12464 &#8211; ein Ausblick&#8220;, LICHT2000, Tagungsband, S. 416-420<\/span><\/span><\/span><\/div>\n<\/td>\n<\/tr>\n<tr>\n<td width=\"26%\" align=\"left\" valign=\"top\"><span style=\"font-family: Arial, Helvetica, sans-serif;\">Symp 1 <\/span><\/td>\n<td width=\"74%\" align=\"left\" valign=\"top\">\n<div><span style=\"font-family: Arial, Helvetica, sans-serif;\"><span style=\"font-family: Arial, Helvetica, sans-serif;\"><span style=\"font-family: Arial, Helvetica, sans-serif;\">Erstes                  Symposium Licht und Gesundheit, Berlin, 25.2.00, Tagungsband<\/span><\/span><\/span><\/div>\n<\/td>\n<\/tr>\n<tr>\n<td width=\"26%\" align=\"left\" valign=\"top\"><span style=\"font-family: Arial, Helvetica, sans-serif;\">Symp 2<\/span><\/td>\n<td width=\"74%\" align=\"left\" valign=\"top\">\n<div><span style=\"font-family: Arial, Helvetica, sans-serif;\"><span style=\"font-family: Arial, Helvetica, sans-serif;\"><span style=\"font-family: Arial, Helvetica, sans-serif;\">Zweites                  Symposium Licht und Gesundheit, Berlin, 22. und 23.2.01, Tagungsband<\/span><\/span><\/span><\/div>\n<\/td>\n<\/tr>\n<tr>\n<td width=\"26%\" align=\"left\" valign=\"top\"><span style=\"font-family: Arial, Helvetica, sans-serif;\">VDI<\/span><\/td>\n<td width=\"74%\" align=\"left\" valign=\"top\"><span style=\"font-family: Arial, Helvetica, sans-serif;\">Entwurf                VDI 6011 Blatt 1: &#8222;Optimierung von Tageslichtnutzung und k\u00fcnstlicher                Beleuchtung&#8220;, VDI-Verlag, 2001<\/span><\/td>\n<\/tr>\n<tr>\n<td width=\"26%\" align=\"left\" valign=\"top\"><span style=\"font-family: Arial, Helvetica, sans-serif;\">Zulley<\/span><\/td>\n<td width=\"74%\" align=\"left\" valign=\"top\"><span style=\"font-family: Arial, Helvetica, sans-serif;\">Zulley,                J.: Wirz-Justice, A.: &#8222;Lichttherapie&#8220;, S. Roderer Verlag,                1999<\/span><\/td>\n<\/tr>\n<\/tbody>\n<\/table>\n<hr \/>\n<p style=\"text-align: center;\"><span style=\"font-family: Arial, Helvetica, sans-serif; font-size: x-small;\">\u00a9 2001 Dipl.-Ing.            Peter Dehoff<\/span><\/p>\n","protected":false},"excerpt":{"rendered":"<p>Autor Peter Dehoff Kurzfassung Neue europ\u00e4ische Rahmenbedingungen f\u00fchren zur Einf\u00fchrung neuer Begriffe wie Wartungsfaktoren, Arbeitsbereiche, neue Blendungsbewertung UGR, was in die DIN-Normung einflie\u00dft. Energieeffizienz, der Einflu\u00df von Tageslicht und die Qualit\u00e4t von Beleuchtungsanlagen geht in die Auslegung moderner Beleuchtungen ein. Gesundheit <a href=\"http:\/\/www.lichtundgesundheit.de\/cyberlux\/?p=241\"> Read more&#8230;<\/a><\/p>\n","protected":false},"author":1,"featured_media":0,"comment_status":"open","ping_status":"open","sticky":false,"template":"","format":"standard","meta":{"footnotes":""},"categories":[143,39],"tags":[98,100,102,104,105,219,107,221,113,198,114,118,119,120,217],"class_list":["post-241","post","type-post","status-publish","format-standard","hentry","category-produkte-und-technologien","category-trends","tag-arbeit","tag-architektur","tag-cen","tag-cyberlux","tag-din-5035","tag-usability","tag-ges","tag-iso-9241-6","tag-licht","tag-lichtqualitat","tag-lichttherapie","tag-normen","tag-sehaufgabe","tag-sicherheit","tag-daylight"],"_links":{"self":[{"href":"http:\/\/www.lichtundgesundheit.de\/cyberlux\/index.php?rest_route=\/wp\/v2\/posts\/241","targetHints":{"allow":["GET"]}}],"collection":[{"href":"http:\/\/www.lichtundgesundheit.de\/cyberlux\/index.php?rest_route=\/wp\/v2\/posts"}],"about":[{"href":"http:\/\/www.lichtundgesundheit.de\/cyberlux\/index.php?rest_route=\/wp\/v2\/types\/post"}],"author":[{"embeddable":true,"href":"http:\/\/www.lichtundgesundheit.de\/cyberlux\/index.php?rest_route=\/wp\/v2\/users\/1"}],"replies":[{"embeddable":true,"href":"http:\/\/www.lichtundgesundheit.de\/cyberlux\/index.php?rest_route=%2Fwp%2Fv2%2Fcomments&post=241"}],"version-history":[{"count":0,"href":"http:\/\/www.lichtundgesundheit.de\/cyberlux\/index.php?rest_route=\/wp\/v2\/posts\/241\/revisions"}],"wp:attachment":[{"href":"http:\/\/www.lichtundgesundheit.de\/cyberlux\/index.php?rest_route=%2Fwp%2Fv2%2Fmedia&parent=241"}],"wp:term":[{"taxonomy":"category","embeddable":true,"href":"http:\/\/www.lichtundgesundheit.de\/cyberlux\/index.php?rest_route=%2Fwp%2Fv2%2Fcategories&post=241"},{"taxonomy":"post_tag","embeddable":true,"href":"http:\/\/www.lichtundgesundheit.de\/cyberlux\/index.php?rest_route=%2Fwp%2Fv2%2Ftags&post=241"}],"curies":[{"name":"wp","href":"https:\/\/api.w.org\/{rel}","templated":true}]}}