{"id":179,"date":"2009-07-20T11:38:04","date_gmt":"2009-07-20T09:38:04","guid":{"rendered":"http:\/\/localhost:8888\/wordpress\/?p=179"},"modified":"2009-07-20T11:38:04","modified_gmt":"2009-07-20T09:38:04","slug":"die-vdi-6011-optimierung-von-tageslichtnutzung-und-kunstlicher-beleuchtung-und-ihre-bedeutung-fur-den-bildschirmarbeitsplatz","status":"publish","type":"post","link":"http:\/\/www.lichtundgesundheit.de\/cyberlux\/?p=179","title":{"rendered":"Die VDI 6011 (Optimierung von Tageslichtnutzung und k\u00fcnstlicher Beleuchtung) und ihre Bedeutung f\u00fcr den Bildschirmarbeitsplatz"},"content":{"rendered":"<h3>Autor<\/h3>\n<h2>G\u00fcnther Volz<\/h2>\n<p><span style=\"font-family: Arial, Helvetica, sans-serif; font-size: x-small;\">Vortrag bei der Konferenz<br \/>\n&#8222;Beleuchtung von Bildschirmarbeitspl\u00e4tzen &#8211; Neue Regelungen, neue Konzepte, neue L\u00f6sungen&#8220;,<br \/>\n4.\/5. Oktober 2001, Berlin<br \/>\nVeranstalter: ERGONOMIC Institut<\/span><\/p>\n<h3>Kurzfassung<\/h3>\n<p><span style=\"font-family: Arial, Helvetica, sans-serif;\">VDI 6011 Blatt 1 gibt \u00dcberblick zum Stand der Technik von Tageslichtnutzung und damit zusammenh\u00e4ngender Aspekte k\u00fcnstlicher Beleuchtung. Tageslichtnutzung und k\u00fcnstliche Beleuchtung sind integraler Bestandteil der Architektur und der technischen Geb\u00e4udeausr\u00fcstung.<\/span><\/p>\n<p><span style=\"font-family: Arial, Helvetica, sans-serif;\">Bei ganzheitlicher Betrachtung zeigen sich gewerke\u00fcbergreifende Zusammenh\u00e4nge und Wechselwirkungen zwischen Tageslichtnutzung, k\u00fcnstlicher Beleuchtung, Sonnenschutz, Blendschutz sowie visueller und thermischer Behaglichkeit.<\/span><\/p>\n<p><span style=\"font-family: Arial, Helvetica, sans-serif;\">Die Richtlinie soll Hilfestellung und Orientierung f\u00fcr die lichttechnische Konzeption und nutzungsgerechte Systemauswahl geben. Aufgrund der Besonderheiten der Bildschirmarbeit kommt der Richtlinie hier besondere Bedeutung zu.<\/span><\/p>\n<h3><span style=\"font-family: Arial, Helvetica, sans-serif;\">Beitrag<\/span><\/h3>\n<h3><strong>Der neue Richtlinien-Entwurf VDI 6011 &#8211; Blatt 1\u00a0&#8222;Optimierung von Tageslichtnutzung und k\u00fcnstlicher Beleuchtung&#8220;<\/strong><\/h3>\n<p><span style=\"font-family: Arial, Helvetica, sans-serif;\">Die Arbeit mit Bildschirmen hat im Baubestand und bei Neubauten ein neues Problem entstehen lassen. Gleichartig genutzte Arbeitspl\u00e4tze und Aufenthaltsr\u00e4ume weichen in der Ausleuchtung durch Tageslicht qualitativ und quantitativ stark voneinander ab, je nach Fenstergr\u00f6\u00dfe, Ausrichtung der Fassade sowie Inneneinrichtung. Mit der Bildschirmarbeit kamen neue Anforderungen: Blendung oder st\u00f6rende Reflexion durch Tageslicht und k\u00fcnstliche Beleuchtung m\u00fcssen vermieden werden. Daraus ergibt sich, dass am &#8222;helllichten Tag&#8220; Jalousien geschlossen werden m\u00fcssen. Dabei kann das reichliche Angebot an kostenlosem Tageslicht nicht ausgenutzt werden.<\/span><\/p>\n<p><span style=\"font-family: Arial, Helvetica, sans-serif;\">Mit erh\u00f6htem Energieaufwand muss k\u00fcnstlich beleuchtet werden. Weiterhin sind die Anspr\u00fcche an gutes Licht gewachsen. Dabei werden die Mindestanforderungen f\u00fcr k\u00fcnstliche Beleuchtung und Tageslicht schon in bestehenden Normen und Richtlinien definiert. Dar\u00fcber hinaus ber\u00fccksichtigen kompetente Lichtplaner jedoch weitere Qualit\u00e4tskriterien f\u00fcr ein abgestimmtes Tages- und Kunstlichtkonzept.<\/span><\/p>\n<p><span style=\"font-family: Arial, Helvetica, sans-serif;\">Bei gesamtheitlicher Planung und energetischer Bewertung zeigen sich gewerke-\u00fcbergreifende Zusammenh\u00e4nge zwischen Tageslichtnutzung, k\u00fcnstlicher Beleuchtung, Sonnenschutz und Blendschutz, Raumklima, Architektur, thermischer und visueller Behaglichkeit.<br \/>\nGutes Licht hei\u00dft auch wirtschaftliches Licht, deshalb soll die Beleuchtung m\u00f6glichst energieeffizient erfolgen. Dazu kann Tageslichtnutzung sehr viel beitragen. In R\u00e4umen, in denen Menschen einen Gro\u00dfteil ihrer Arbeits- und Freizeit verbringen, wird mehr Tageslicht dar\u00fcber hinaus f\u00f6rderlich f\u00fcr das Wohlbefinden und die Leistungsf\u00e4higkeit betrachtet.<\/span><\/p>\n<p><span style=\"font-family: Arial, Helvetica, sans-serif;\">F\u00fcr die lichttechnische Konzeption durch Architekten und Fachingenieure, welche heute oft noch in unterschiedlichen Fachbereichen an diese Aufgabenstellung herangehen, besteht Bedarf an Planungshilfen und Richtwerten f\u00fcr die Systemauswahl, Bewertung und nutzungsgerechte Ausf\u00fchrungsplanung.<\/span><\/p>\n<p><span style=\"font-family: Arial, Helvetica, sans-serif;\">Aus der erkannten Anforderung des Marktes und Kenntnis des vorhandenen Stands der Technik stellte sich geradezu die Herausforderung zur Weiterentwicklung konventioneller Einzelsysteme f\u00fcr Tageslichtnutzung, Sonnenschutz, Blendschutz und k\u00fcnstlicher Beleuchtung mit dem Ziel einer Qualit\u00e4ts- und Funktionsverbesserung sowie Gesamtoptimierung und Vereinfachung f\u00fcr Betrieb und Bedienung.<\/span><\/p>\n<p><span style=\"font-family: Arial, Helvetica, sans-serif;\">Dieses war Anlass f\u00fcr die VDI-Gesellschaft Technische Geb\u00e4udeausr\u00fcstung zur Bearbeitung dieses Themas eine neue Richtliniengruppe zu gr\u00fcnden. F\u00fcr die Zusammensetzung der Mitarbeiter dieser Richtliniengruppe war die querschnittsorientierte und interdisziplin\u00e4re Behandlung des Themas ein wichtiges Auswahlkriterium. Die behandelten Gewerke und Funktionen m\u00fcssen in ihren gegenseitigen Auswirkungen aufeinander analysiert und koordiniert werden. Einfl\u00fcsse auf Fassade, Architektur und energetische Gesamtbilanz m\u00fcssen in allen Planungs- und Optimierungsschritten ber\u00fccksichtigt werden.<\/span><\/p>\n<p><span style=\"font-family: Arial, Helvetica, sans-serif;\">Die neue gesamtheitliche Betrachtung verlangt eine interdisziplin\u00e4re Arbeitsweise. Der Richtlinienentwurf wird mit Sicherheit Diskussionen bei den betroffenen Fachleuten in allen Querschnittsbereichen ausl\u00f6sen. F\u00fcr die Optimierungsstrategie von Tageslichtnutzung und k\u00fcnstlicher Beleuchtung sind die Optimierungsziele neu zu definieren. Dieses wird anhand folgender stark vereinfachter Fragestellung deutlich:<\/span><\/p>\n<blockquote>\n<p><span style=\"font-family: Arial, Helvetica, sans-serif;\"><em>Soll bei direkter Sonneneinstrahlung das Tageslicht durch Aktivierung einer Sonnenschutzeinrichtung v\u00f6llig ausgesperrt werden? Soll man sich nur mit k\u00fcnstlicher Beleuchtung begn\u00fcgen und zus\u00e4tzliche elektrische Energie aufwenden, oder soll besser Tageslicht nach innen gelenkt und daf\u00fcr elektrische Energie f\u00fcr die Klimatisierung aufgewendet werden?<\/em><\/span><\/p>\n<\/blockquote>\n<p><span style=\"font-family: Arial, Helvetica, sans-serif;\">Unter der Leitung des Autors wurden Arbeitsgruppenmitglieder aus Wissenschaft, Entwicklungsabteilungen der Industrie, Architekten, Lichtplaner und weitere Experten aus den betroffenen Querschnittsbranchen gewonnen und die Teilaufgaben, d.h. die Kapitel der Richtlinie, zun\u00e4chst schwerpunktartig in ihrer Abh\u00e4ngigkeit zum Gesamtthema definiert und zugeordnet.\u00a0Im Blatt 1 werden die wesentlichen Anforderungen, abh\u00e4ngig von der baulichen Situation und Nutzung, f\u00fcr Komponenten zur Tageslichtnutzung formuliert und ihre Auswirkungen auf die \u00fcbrigen Bereiche aufgezeigt.<\/span><\/p>\n<p><span style=\"font-family: Arial, Helvetica, sans-serif;\">Die Richtlinie will die wichtigsten Aspekte f\u00fcr Tageslichtnutzung und damit zusammenh\u00e4ngende Kriterien der k\u00fcnstlichen Beleuchtung in Geb\u00e4uden verdeutlichen. Die zu den behandelten Themen bereits bestehenden weiteren Vorschriften, Normen und Richtlinien sind aufgelistet. Hilfreich f\u00fcr die interessierten Fachleute aus den verschiedensten Querschnittsbereichen ist die enthaltene Definition zu verwendeten Begriffen und Grundlagen \u00fcber die integrierten Funktionen. Wer als Architekt auf das Thema zugeht, findet schnell Zugang \u00fcber das Kapitel &#8222;Lichtgestaltung und Architektur&#8220;. Neben allen wirtschaftlichen Aspekten findet die Frage der Komfort- und Produktivit\u00e4tssteigerung als der wesentlichste Aspekt seinen Niederschlag.<\/span><\/p>\n<p><span style=\"font-family: Arial, Helvetica, sans-serif;\">F\u00fcr die Auswahl von Tageslichtsystemen sind verschiedene Kriterien zu beachten. M\u00f6gliche Sonnenst\u00e4nde, Sonnenwahrscheinlichkeiten und Himmelszust\u00e4nde spielen dabei eine wichtige Rolle. Die zur Verbesserung der Tageslichtnutzung vorgestellten Tageslichtlenksysteme beruhen auf verschiedenen Grundprinzipien, die sich z. B. durch unterschiedliche Materialien und Anordnungen unterscheiden.<\/span><\/p>\n<p><span style=\"font-family: Arial, Helvetica, sans-serif;\">In \u00fcbersichtlicher Form wird der vorhandene Stand der unterschiedlichen verf\u00fcgbaren Systeme und Komponenten gegen\u00fcbergestellt und hinsichtlich Einbauart, Anwendungsschwerpunkten und Besonderheiten f\u00fcr die Planung erl\u00e4utert.\u00a0F\u00fcr Systeme der k\u00fcnstlichen Beleuchtung werden Aspekte, die der Vergangenheit wichtig geworden sind, behandelt. Dabei sind Hinweise zur L\u00f6sung der Anforderungen hinsichtlich Flexibilit\u00e4t im Betrieb, Effizienz und neuartigen Beleuchtungsprinzipien angef\u00fchrt.<\/span><\/p>\n<p><span style=\"font-family: Arial, Helvetica, sans-serif;\">Lichtplanung erfordert Kenntnisse \u00fcber die Einfl\u00fcsse des Tageslichtes auf die menschliche Psyche, das Raumklima sowie die visuelle Behaglichkeit.\u00a0Ein wichtiges Bindeglied in der Integration der verschiedenen Funktionen Sonnenschutz, Blendschutz und Tageslichttechnik ist die Geb\u00e4udeautomation.<\/span><\/p>\n<p><span style=\"font-family: Arial, Helvetica, sans-serif;\">Damit sollen f\u00fcr die Projektpraxis Architekten, Fachingenieure und Handwerker Richtwerte und Hilfestellung f\u00fcr Systemauswahl und Dimensionierung zur Verf\u00fcgung gestellt werden.<br \/>\nIn den Folgebl\u00e4ttern wird der methodischen Optimierung mehr Aufmerksamkeit gewidmet. Klar erkannt ist, dass komplexe Zusammenh\u00e4nge und Einfl\u00fcsse unterschiedlicher Tageslichteinstrahlungssituationen, je nach Jahreszeit auf die energetische Gesamtbilanz ber\u00fccksichtigt werden m\u00fcssen. Ausserdem wird dem Anwendungsbereich von Oberlichtern ein Folgeblatt reserviert.<\/span><\/p>\n<p><span style=\"font-family: Arial, Helvetica, sans-serif;\">Mit der VDI-Richtlinie 6011 kann damit beispielhaft die Rolle der Innovationsf\u00f6rderung von Normen und Richtlinien in Wachstumsbranchen erf\u00fcllt werden. Mit der erleichterten und beschleunigten Umsetzung vorhandener innovativer Einzelprodukte in die konkrete Anwendung bei Neubau und energetischer Modernisierung des Baubestandes ist mit einer verst\u00e4rkten Nachfrage und Einsatz von Produkten, Systemen und Dienstleistungen zur Optimierung der Tageslichtnutzung und k\u00fcnstlichen Beleuchtung zu rechnen.<\/span><\/p>\n<p><span style=\"font-family: Arial, Helvetica, sans-serif;\">Auch im Arbeitskreis erfahren die verschiedenen beteiligten Fachleute und Branchen die g\u00fcnstigen Voraussetzungen f\u00fcr Innovationen im Bereich der Tageslichtnutzung und Integration bestehender Einzelsysteme. Aufgabenstellungen f\u00fcr Forschung und technologische Weiterentwicklungen konkretisieren sich aufgrund der gewerke\u00fcbergreifenden und bei gesamtheitlicher Betrachtung entdeckten Verbesserungspotentiale. Verst\u00e4rkt k\u00f6nnen zuk\u00fcnftig Baubeteiligte auf Planer- und Investorenseite Nutzeranforderungen formulieren, die neue Aspekte f\u00fcr sinnvolle Weiterentwicklungen in Marktnischen f\u00fcr die Industrie aufzeigen. Forschungsergebnisse wissenschaftlicher Einrichtungen k\u00f6nnen von der Industrie aufgegriffen werden, Technologie transferiert und Innovationen beschleunigt umgesetzt werden.<\/span><\/p>\n<p><span style=\"font-family: Arial, Helvetica, sans-serif;\">Zusammenfassend kann festgestellt werden, dass bei einer Vielzahl von Zweckbauten mit einer \u00fcblichen t\u00e4glichen Nutzungszeit der Gesamtenergiebedarf bei konsequenter Nutzung des Tageslichtes gesenkt werden kann. Die Geb\u00e4udesystemtechnik bietet die M\u00f6glichkeit eines tagslichtabh\u00e4ngigen Betriebs der k\u00fcnstlichen Beleuchtung.<\/span><\/p>\n<p><span style=\"font-family: Arial, Helvetica, sans-serif;\">Deutlich zeigt es sich bereits jetzt, dass der verst\u00e4rkte Einsatz der Tageslichtnutzung allein aus energetischen Gr\u00fcnden nicht forciert werden kann. Wachsende Sensibilit\u00e4t, Anspr\u00fcche sowie die vorliegenden Erkenntnisse um die Zusammenh\u00e4nge zwischen verbesserter Tageslichtnutzung und Wohlbefinden, Gesundheit und Leistungsf\u00e4higkeit, gestiegene Qualit\u00e4ts- und Komfortanspr\u00fcche des Nutzers und der Architektur kommen den innovativen Entwicklungen entgegen und werden diesen zum Durchbruch verhelfen.<\/span><\/p>\n<p><span style=\"font-family: Arial, Helvetica, sans-serif;\"><br \/>\n<strong>\u00dcbersicht zum Inhalt des Entwurfs VDI 6011 &#8211; Blatt 1<br \/>\nOptimierung von Tageslichtnutzung und k\u00fcnstlicher Beleuchtung<\/strong><\/span><\/p>\n<table border=\"1\" cellspacing=\"0\" cellpadding=\"2\" width=\"450\">\n<tbody>\n<tr>\n<td colspan=\"2\"><span style=\"font-family: Arial, Helvetica, sans-serif;\"><strong>Grundlagen<\/strong><\/span><\/td>\n<\/tr>\n<tr>\n<td width=\"82\" valign=\"top\">1<\/td>\n<td width=\"354\" valign=\"top\"><span style=\"font-family: Arial, Helvetica, sans-serif;\">Geltungsbereich<\/span><\/td>\n<\/tr>\n<tr>\n<td width=\"82\" valign=\"top\">2<\/td>\n<td width=\"354\" valign=\"top\"><span style=\"font-family: Arial, Helvetica, sans-serif;\">Zugeh\u00f6rige Vorschriften, Normen und Richtlinien<\/span><\/td>\n<\/tr>\n<tr>\n<td width=\"82\" valign=\"top\">3<\/td>\n<td width=\"354\" valign=\"top\"><span style=\"font-family: Arial, Helvetica, sans-serif;\">Verwendete Begriffe, Definitionen und Grundlagen<\/span><\/td>\n<\/tr>\n<tr>\n<td width=\"82\" valign=\"top\">3.1<\/td>\n<td width=\"354\" valign=\"top\"><span style=\"font-family: Arial, Helvetica, sans-serif;\">Funktionen<\/span><\/td>\n<\/tr>\n<tr>\n<td width=\"82\" valign=\"top\">3.2<\/td>\n<td width=\"354\" valign=\"top\"><span style=\"font-family: Arial, Helvetica, sans-serif;\">Beleuchtung<\/span><\/td>\n<\/tr>\n<tr>\n<td width=\"82\" valign=\"top\">3.3<\/td>\n<td width=\"354\" valign=\"top\"><span style=\"font-family: Arial, Helvetica, sans-serif;\">Sonnenstrahlung und Tageslicht<\/span><\/td>\n<\/tr>\n<tr>\n<td width=\"82\" valign=\"top\">3.4<\/td>\n<td width=\"354\" valign=\"top\"><span style=\"font-family: Arial, Helvetica, sans-serif;\">Kunstlicht<\/span><\/td>\n<\/tr>\n<tr>\n<td width=\"82\" valign=\"top\">3.5<\/td>\n<td width=\"354\" valign=\"top\"><span style=\"font-family: Arial, Helvetica, sans-serif;\">Behaglichkeit<\/span><\/td>\n<\/tr>\n<tr>\n<td width=\"82\" valign=\"top\">3.6<\/td>\n<td width=\"354\" valign=\"top\"><span style=\"font-family: Arial, Helvetica, sans-serif;\">Steuerung von Tageslichtsystemen<\/span><\/td>\n<\/tr>\n<tr>\n<td width=\"82\" valign=\"top\"><span style=\"font-family: Arial, Helvetica, sans-serif;\">3.7<\/span><\/td>\n<td width=\"354\" valign=\"top\"><span style=\"font-family: Arial, Helvetica, sans-serif;\">Steuerung von Kunstlicht<\/span><\/td>\n<\/tr>\n<tr>\n<td width=\"82\" valign=\"top\"><span style=\"font-family: Arial, Helvetica, sans-serif;\">4<\/span><\/td>\n<td width=\"354\" valign=\"top\"><span style=\"font-family: Arial, Helvetica, sans-serif;\">Verwendete Formelzeichen<\/span><\/td>\n<\/tr>\n<tr>\n<td width=\"82\" valign=\"top\"><span style=\"font-family: Arial, Helvetica, sans-serif;\">5<\/span><\/td>\n<td width=\"354\" valign=\"top\"><span style=\"font-family: Arial, Helvetica, sans-serif;\">Sichtgestaltung und Architektur<\/span><\/td>\n<\/tr>\n<tr>\n<td width=\"82\" valign=\"top\"><span style=\"font-family: Arial, Helvetica, sans-serif;\">5.1<\/span><\/td>\n<td width=\"354\" valign=\"top\"><span style=\"font-family: Arial, Helvetica, sans-serif;\">Einfl\u00fcsse des Tageslichtes auf die menschliche Physiologie<\/span><\/td>\n<\/tr>\n<tr>\n<td width=\"82\" valign=\"top\"><span style=\"font-family: Arial, Helvetica, sans-serif;\">5.2<\/span><\/td>\n<td width=\"354\" valign=\"top\"><span style=\"font-family: Arial, Helvetica, sans-serif;\">Einfl\u00fcsse auf die visuelle Behaglichkeit<\/span><\/td>\n<\/tr>\n<tr>\n<td width=\"82\" valign=\"top\"><span style=\"font-family: Arial, Helvetica, sans-serif;\">5.3<\/span><\/td>\n<td width=\"354\" valign=\"top\"><span style=\"font-family: Arial, Helvetica, sans-serif;\">Einfl\u00fcsse durch Materialien<\/span><\/td>\n<\/tr>\n<tr>\n<td width=\"82\" valign=\"top\"><span style=\"font-family: Arial, Helvetica, sans-serif;\">5.4<\/span><\/td>\n<td width=\"354\" valign=\"top\"><span style=\"font-family: Arial, Helvetica, sans-serif;\">Auswirkungen auf das Raumklima<\/span><\/td>\n<\/tr>\n<tr>\n<td width=\"82\" valign=\"top\"><span style=\"font-family: Arial, Helvetica, sans-serif;\">5.5<\/span><\/td>\n<td width=\"354\" valign=\"top\"><span style=\"font-family: Arial, Helvetica, sans-serif;\">Tageslichtlenkung<\/span><\/td>\n<\/tr>\n<tr>\n<td width=\"82\" valign=\"top\"><span style=\"font-family: Arial, Helvetica, sans-serif;\">5.6<\/span><\/td>\n<td width=\"354\" valign=\"top\"><span style=\"font-family: Arial, Helvetica, sans-serif;\">Komfort- und Produktivit\u00e4tssteigerung<\/span><\/td>\n<\/tr>\n<tr>\n<td width=\"82\" valign=\"top\"><span style=\"font-family: Arial, Helvetica, sans-serif;\">6<\/span><\/td>\n<td width=\"354\" valign=\"top\"><span style=\"font-family: Arial, Helvetica, sans-serif;\">Anforderungen an Beleuchtung<\/span><\/td>\n<\/tr>\n<tr>\n<td width=\"82\" valign=\"top\"><span style=\"font-family: Arial, Helvetica, sans-serif;\">6.1<\/span><\/td>\n<td width=\"354\" valign=\"top\"><span style=\"font-family: Arial, Helvetica, sans-serif;\">Allgemeines<\/span><\/td>\n<\/tr>\n<tr>\n<td width=\"82\" valign=\"top\"><span style=\"font-family: Arial, Helvetica, sans-serif;\">6.2<\/span><\/td>\n<td width=\"354\" valign=\"top\"><span style=\"font-family: Arial, Helvetica, sans-serif;\">Kunstlichtanforderungen<\/span><\/td>\n<\/tr>\n<tr>\n<td width=\"82\" valign=\"top\"><span style=\"font-family: Arial, Helvetica, sans-serif;\">6.3<\/span><\/td>\n<td width=\"354\" valign=\"top\"><span style=\"font-family: Arial, Helvetica, sans-serif;\">Tageslichtanforderungen<\/span><\/td>\n<\/tr>\n<tr>\n<td width=\"82\" valign=\"top\"><span style=\"font-family: Arial, Helvetica, sans-serif;\">6.4<\/span><\/td>\n<td width=\"354\" valign=\"top\"><span style=\"font-family: Arial, Helvetica, sans-serif;\">Anforderungen an Kombinationen aus Tageslichtsystemen und k\u00fcnstlicher Beleuchtung<\/span><\/td>\n<\/tr>\n<tr>\n<td width=\"82\" valign=\"top\"><span style=\"font-family: Arial, Helvetica, sans-serif;\">7<\/span><\/td>\n<td width=\"354\" valign=\"top\"><span style=\"font-family: Arial, Helvetica, sans-serif;\">Sonnenschutz<\/span><\/td>\n<\/tr>\n<tr>\n<td width=\"82\" valign=\"top\"><span style=\"font-family: Arial, Helvetica, sans-serif;\">7.1<\/span><\/td>\n<td width=\"354\" valign=\"top\"><span style=\"font-family: Arial, Helvetica, sans-serif;\">Hitzeschutz<\/span><\/td>\n<\/tr>\n<tr>\n<td width=\"82\" valign=\"top\"><span style=\"font-family: Arial, Helvetica, sans-serif;\">7.2<\/span><\/td>\n<td width=\"354\" valign=\"top\"><span style=\"font-family: Arial, Helvetica, sans-serif;\">Blendschutz<\/span><\/td>\n<\/tr>\n<tr>\n<td width=\"82\" valign=\"top\"><span style=\"font-family: Arial, Helvetica, sans-serif;\">7.3<\/span><\/td>\n<td width=\"354\" valign=\"top\"><span style=\"font-family: Arial, Helvetica, sans-serif;\">Entscheidungskriterien zur Auswahl von Sonnenschutzsystemen<\/span><\/td>\n<\/tr>\n<tr>\n<td colspan=\"2\"><\/td>\n<\/tr>\n<tr>\n<td width=\"82\" valign=\"top\"><span style=\"font-family: Arial, Helvetica, sans-serif;\">8<\/span><\/td>\n<td width=\"354\" valign=\"top\"><span style=\"font-family: Arial, Helvetica, sans-serif;\">Anforderungen an die Geb\u00e4udeautomation<\/span><\/td>\n<\/tr>\n<tr>\n<td width=\"82\" valign=\"top\"><span style=\"font-family: Arial, Helvetica, sans-serif;\">8.1<\/span><\/td>\n<td width=\"354\" valign=\"top\"><span style=\"font-family: Arial, Helvetica, sans-serif;\">Allgemein<\/span><\/td>\n<\/tr>\n<tr>\n<td width=\"82\" valign=\"top\"><span style=\"font-family: Arial, Helvetica, sans-serif;\">8.2<\/span><\/td>\n<td width=\"354\" valign=\"top\"><span style=\"font-family: Arial, Helvetica, sans-serif;\">Kunstlicht<\/span><\/td>\n<\/tr>\n<tr>\n<td width=\"82\" valign=\"top\"><span style=\"font-family: Arial, Helvetica, sans-serif;\">8.3<\/span><\/td>\n<td width=\"354\" valign=\"top\"><span style=\"font-family: Arial, Helvetica, sans-serif;\">Steuerung und Regelung von Tageslicht in Geb\u00e4uden<\/span><\/td>\n<\/tr>\n<tr>\n<td width=\"82\" valign=\"top\"><span style=\"font-family: Arial, Helvetica, sans-serif;\">8.4<\/span><\/td>\n<td width=\"354\" valign=\"top\"><span style=\"font-family: Arial, Helvetica, sans-serif;\">Steuerung und Regelung von Kombinationen aus Tageslicht und Kunstlicht<\/span><\/td>\n<\/tr>\n<tr>\n<td width=\"82\" valign=\"top\"><span style=\"font-family: Arial, Helvetica, sans-serif;\">8.5<\/span><\/td>\n<td width=\"354\" valign=\"top\"><span style=\"font-family: Arial, Helvetica, sans-serif;\">Funktionale Entbindung von Tageslicht- und Kunstlichtsystemen in die Geb\u00e4udeautomation<\/span><\/td>\n<\/tr>\n<tr>\n<td width=\"82\" valign=\"top\"><span style=\"font-family: Arial, Helvetica, sans-serif;\">9<\/span><\/td>\n<td width=\"354\" valign=\"top\"><span style=\"font-family: Arial, Helvetica, sans-serif;\">Tages- und Kunstlichtsysteme und Systemkombinationen<\/span><\/td>\n<\/tr>\n<tr>\n<td width=\"82\" valign=\"top\"><span style=\"font-family: Arial, Helvetica, sans-serif;\">9.1<\/span><\/td>\n<td width=\"354\" valign=\"top\"><span style=\"font-family: Arial, Helvetica, sans-serif;\">Tageslichtsysteme<\/span><\/td>\n<\/tr>\n<tr>\n<td width=\"82\" valign=\"top\"><span style=\"font-family: Arial, Helvetica, sans-serif;\">9.2<\/span><\/td>\n<td width=\"354\" valign=\"top\"><span style=\"font-family: Arial, Helvetica, sans-serif;\">Kunstlichtsysteme<\/span><\/td>\n<\/tr>\n<tr>\n<td colspan=\"2\" valign=\"top\"><\/td>\n<\/tr>\n<tr>\n<td width=\"82\" valign=\"top\"><span style=\"font-family: Arial, Helvetica, sans-serif;\">Anhang A:<\/span><\/td>\n<td width=\"354\" valign=\"top\"><span style=\"font-family: Arial, Helvetica, sans-serif;\">Kombinationen von Kunst- und Tageslicht, Beispiele f\u00fcr B\u00fcror\u00e4ume<\/span><\/td>\n<\/tr>\n<tr>\n<td width=\"82\" valign=\"top\"><span style=\"font-family: Arial, Helvetica, sans-serif;\">Anhang B:<\/span><\/td>\n<td width=\"354\" valign=\"top\"><span style=\"font-family: Arial, Helvetica, sans-serif;\">Beispiele f\u00fcr Systemintegration von Tages- und Kunstlichtkomponenten<\/span><\/td>\n<\/tr>\n<tr>\n<td width=\"82\" valign=\"top\"><span style=\"font-family: Arial, Helvetica, sans-serif;\">Anhang C:<\/span><\/td>\n<td width=\"354\" valign=\"top\"><span style=\"font-family: Arial, Helvetica, sans-serif;\">Weiterf\u00fchrende Literatur<\/span><\/td>\n<\/tr>\n<\/tbody>\n<\/table>\n<p><span style=\"font-family: Arial, Helvetica, sans-serif;\"><br \/>\n<\/span><span style=\"font-family: Arial, Helvetica, sans-serif;\"><strong>Schrifttum<\/strong><br \/>\nGesamtseitenanzahl: 36<br \/>\n<strong>Bezugsquelle:<\/strong> <a href=\"mailto:tga@vdi.de\">TGA@VDI.de<\/a> oder VDI-TGA Herr Terhorst (Fax 0211-6214-177),<br \/>\n<\/span><span style=\"font-family: Arial, Helvetica, sans-serif;\"><a href=\"http:\/\/dev.vdi-online.de\/vdi\/vrp\/richtliniendetails\/index.php?ID=9123002\" target=\"_blank\">Onlinebestellung \u00fcber VDI<\/a><\/span><\/p>\n<p><span style=\"font-family: Arial, Helvetica, sans-serif;\">Der neue Richtlinien-Entwurf VDI 6011 &#8211; Blatt 1 &#8222;Optimierung von Tageslichtnutzung \u2026&#8220;108a<br \/>\nDipl.-Ing. (FH) G\u00fcnther Volz VDI, Beratender Ingenieur f\u00fcr Elektrotechnik und Lichttechnik<\/span><\/p>\n<p><img loading=\"lazy\" decoding=\"async\" src=\"http:\/\/www.cyberlux.de\/deutsch\/articles\/planner\/lichtundarbeit\/volz\/f5.gif\" border=\"1\" alt=\"Konflikte und Gegenlaeufigkeiten in der Tageslichtnutzung\" width=\"273\" height=\"360\" \/><\/p>\n<p><span style=\"font-family: Arial, Helvetica, sans-serif;\">Beleuchtung von Bildschirmarbeitspl\u00e4tzen -Neue Regelungen, neue Konzepte, neue Loesungen<\/span><\/p>\n<p><span style=\"font-family: Arial, Helvetica, sans-serif;\">Der neue Richtlinien-Entwurf VDI 6011 &#8211; Blatt 1 &#8222;Optimierung von Tageslichtnutzung \u2026&#8220;108b<br \/>\nDipl.-Ing. (FH) G\u00fcnther Volz VDI, Beratender Ingenieur f\u00fcr Elektrotechnik und Lichttechnik<\/span><\/p>\n<p><img loading=\"lazy\" decoding=\"async\" src=\"http:\/\/www.cyberlux.de\/deutsch\/articles\/planner\/lichtundarbeit\/volz\/f6.gif\" border=\"1\" alt=\"Loesung der Anforderungskonflikte\" width=\"301\" height=\"360\" \/><\/p>\n<p><span style=\"font-family: Arial, Helvetica, sans-serif;\">Beleuchtung von Bildschirmarbeitspl\u00e4tzen -Neue Regelungen, neue Konzepte, neue Loesungen<\/span><\/p>\n<p><span style=\"font-family: Arial, Helvetica, sans-serif;\">Der neue Richtlinien-Entwurf VDI 6011 &#8211; Blatt 1 &#8222;Optimierung von Tageslichtnutzung \u2026&#8220;108c<br \/>\nDipl.-Ing. (FH) G\u00fcnther Volz VDI, Beratender Ingenieur f\u00fcr Elektrotechnik und Lichttechnik<\/span><\/p>\n<p><img loading=\"lazy\" decoding=\"async\" src=\"http:\/\/www.cyberlux.de\/deutsch\/articles\/planner\/lichtundarbeit\/volz\/f7.gif\" border=\"1\" alt=\"Nutzungs- und Komfort-Aspekte\" width=\"323\" height=\"360\" \/><\/p>\n<p><span style=\"font-family: Arial, Helvetica, sans-serif;\">Beleuchtung von Bildschirmarbeitspl\u00e4tzen -Neue Regelungen, neue Konzepte, neue Loesungen<\/span><\/p>\n<p><img loading=\"lazy\" decoding=\"async\" src=\"http:\/\/www.cyberlux.de\/deutsch\/articles\/planner\/lichtundarbeit\/volz\/f8.gif\" border=\"1\" alt=\"Foerdergemeinschft innovative Tageslichtnutzung\" width=\"246\" height=\"360\" \/><span style=\"font-family: Arial, Helvetica, sans-serif;\"> <\/span><\/p>\n<p><img loading=\"lazy\" decoding=\"async\" src=\"http:\/\/www.cyberlux.de\/deutsch\/articles\/planner\/lichtundarbeit\/volz\/f9.gif\" border=\"1\" alt=\"Impulse fuer innovative Technik und Architektur\" width=\"436\" height=\"287\" \/><\/p>\n","protected":false},"excerpt":{"rendered":"<p>Autor G\u00fcnther Volz Vortrag bei der Konferenz &#8222;Beleuchtung von Bildschirmarbeitspl\u00e4tzen &#8211; Neue Regelungen, neue Konzepte, neue L\u00f6sungen&#8220;, 4.\/5. Oktober 2001, Berlin Veranstalter: ERGONOMIC Institut Kurzfassung VDI 6011 Blatt 1 gibt \u00dcberblick zum Stand der Technik von Tageslichtnutzung und damit zusammenh\u00e4ngender Aspekte <a href=\"http:\/\/www.lichtundgesundheit.de\/cyberlux\/?p=179\"> Read more&#8230;<\/a><\/p>\n","protected":false},"author":1,"featured_media":0,"comment_status":"open","ping_status":"open","sticky":false,"template":"","format":"standard","meta":{"footnotes":""},"categories":[142,34,145],"tags":[98,100,104,107,113,118,120,121,217],"class_list":["post-179","post","type-post","status-publish","format-standard","hentry","category-licht-und-arbeit","category-daylighting","category-vdi-6011","tag-arbeit","tag-architektur","tag-cyberlux","tag-ges","tag-licht","tag-normen","tag-sicherheit","tag-sonnenschutz","tag-daylight"],"_links":{"self":[{"href":"http:\/\/www.lichtundgesundheit.de\/cyberlux\/index.php?rest_route=\/wp\/v2\/posts\/179","targetHints":{"allow":["GET"]}}],"collection":[{"href":"http:\/\/www.lichtundgesundheit.de\/cyberlux\/index.php?rest_route=\/wp\/v2\/posts"}],"about":[{"href":"http:\/\/www.lichtundgesundheit.de\/cyberlux\/index.php?rest_route=\/wp\/v2\/types\/post"}],"author":[{"embeddable":true,"href":"http:\/\/www.lichtundgesundheit.de\/cyberlux\/index.php?rest_route=\/wp\/v2\/users\/1"}],"replies":[{"embeddable":true,"href":"http:\/\/www.lichtundgesundheit.de\/cyberlux\/index.php?rest_route=%2Fwp%2Fv2%2Fcomments&post=179"}],"version-history":[{"count":0,"href":"http:\/\/www.lichtundgesundheit.de\/cyberlux\/index.php?rest_route=\/wp\/v2\/posts\/179\/revisions"}],"wp:attachment":[{"href":"http:\/\/www.lichtundgesundheit.de\/cyberlux\/index.php?rest_route=%2Fwp%2Fv2%2Fmedia&parent=179"}],"wp:term":[{"taxonomy":"category","embeddable":true,"href":"http:\/\/www.lichtundgesundheit.de\/cyberlux\/index.php?rest_route=%2Fwp%2Fv2%2Fcategories&post=179"},{"taxonomy":"post_tag","embeddable":true,"href":"http:\/\/www.lichtundgesundheit.de\/cyberlux\/index.php?rest_route=%2Fwp%2Fv2%2Ftags&post=179"}],"curies":[{"name":"wp","href":"https:\/\/api.w.org\/{rel}","templated":true}]}}