{"id":154,"date":"2009-07-20T10:33:38","date_gmt":"2009-07-20T08:33:38","guid":{"rendered":"http:\/\/localhost:8888\/wordpress\/?p=154"},"modified":"2009-07-20T10:33:38","modified_gmt":"2009-07-20T08:33:38","slug":"licht-und-arbeit-einfuhrung","status":"publish","type":"post","link":"http:\/\/www.lichtundgesundheit.de\/cyberlux\/?p=154","title":{"rendered":"Licht und Arbeit &#8211; Einf\u00fchrung"},"content":{"rendered":"<p style=\"text-align: justify;\"><span style=\"font-family: Arial, Verdana, sans-serif;\">Das Licht am Arbeitsplatz dient der Sicherheit, der Erledigung der Arbeitsaufgabe und dem Wohlbefinden. Unterschiedliche Arbeitssituationen erfordern unterschiedliche Lichtl\u00f6sungen. Nahezu allen gemeinsam ist die Forderung nach ausreichendem Tageslicht. Hierbei ist die darauf zu achten, dass dies entsprechend den Arbeitsanforderungen beherrscht werden kann.<br \/>\nDie Beleuchtung am Arbeitsplatz wird aufgrund seiner Bedeutung durch zahlreiche Gesetze und Normen geregelt. Dabei stehen heute die Anforderungen des einzelnen Besch\u00e4ftigten im Mittelpunkt, da man wei\u00df, dass neben der effektiven und effizienten Erledigung der Arbeitsaufgaben die Zufriedenstellung der Nutzer von zentraler Bedeutung ist. <\/span><\/p>\n<p style=\"text-align: justify;\"><span style=\"font-family: Arial, Verdana, sans-serif;\">Neben der optimalen Arbeitsplatzbeleuchtung ist auch die Lichtsituation des Umgebungsbereichs von Bedeutung. Sie tr\u00e4gt wesentlich zum Wohlbefinden bei. Licht und Gesundheit sind heute Schlagworte, die heute bei der Gestaltung von Arbeitsst\u00e4tten selbstverst\u00e4ndlich sind. Einen besonderen Stellenwert nimmt dabei heute aufgrund des hohen Technisierungsgrades die Beleuchtung von Bildschirmarbeitspl\u00e4tzen ein.<\/span><\/p>\n<p style=\"text-align: justify;\"><span style=\"font-family: Arial, Verdana, sans-serif;\">In diesem Forum werden die Zusammenh\u00e4nge zwischen Licht und der Arbeitssituation diskutiert. Dies betrifft die Anforderungen an die Beleuchtung, die sich aus der Sehaufgabe, der Arbeitsaufgabe, der Raum- und Geb\u00e4udesituation sowie aus Organisationsformen ergibt.<\/span><\/p>\n<p style=\"text-align: justify;\"><span style=\"font-family: Arial, Verdana, sans-serif;\">Die Diskussion der letzten Jahre, z.B. dar\u00fcber, ob die n\u00e4chtliche Beleuchtung nicht krebserzeugend ist, muss weitergef\u00fchrt werden. Im Oktober 2007 hat die Internationale Agentur f\u00fcr Krebsforschung (IARC), eine Einrichtung der Weltgesundheitsorganisation (WHO), bestimmte Formen von Schichtarbeit als wahrscheinlich krebserregend eingestuft. Am Institut f\u00fcr Arbeitsmedizin, Sozialmedizin und Sozialhygiene der Uniklinik K\u00f6ln, wurden rund 30 weltweite Studien zum Thema Schichtarbeit und Krebs auswertet \u2013 mit bemerkenswerten Ergebnissen &#8211; so nach Pressemitteilung der Uniklinik K\u00f6ln. In Verdacht steht Melatonin, genauer gesagt die Unterdr\u00fcckung von Melatonin durch die Beleuchtung in der Nacht. Licht als Gesundheitsgef\u00e4hrdung &#8211; an sich eine h\u00e4ufige Behauptung. Nur hat in den fr\u00fcheren Diskussionen an der Wirkungsdefinition gefehlt. Die neue Diskussion ist aber von anderem Kaliber, denn es wird nicht angenommen, Licht sei per se gesundheitssch\u00e4dlich, sondern nur das Licht zur Unzeit, d.h. in der Zeit, in der der Mensch eigentlich ruhen sollte. <\/span><\/p>\n<p style=\"text-align: justify;\"><span style=\"font-family: Arial, Verdana, sans-serif;\">Die neue Diskussion r\u00e4umt mit der Vorstellung auf, dass Arbeitspl\u00e4tze Tag und Nacht gleichbleibend beleuchtet werden m\u00fcssen, was z.B. die Basis der Arbeitsst\u00e4ttenverordnung der BRD gewesen ist. Aus diesem Grunde hat die ArbSt\u00e4ttV Tageslicht nicht einmal als Beleuchtung anerkannt. <\/span><\/p>\n<p style=\"text-align: justify;\"><span style=\"font-family: Arial, Verdana, sans-serif;\">Allerdings muss sich auch der &#8222;private&#8220; Mensch Gedanken machen, weil Licht in der Nacht nicht nur die Schichtarbeiter betrifft. Fernsehen nach der Tagesschau, Computerspiele um Mitternacht, Eintauchen in die Glitzerwelt der St\u00e4dte \u2026 krebserregend! Kaum vorstellbar, was Menschen mit einer solchen Vorstellung anfangen k\u00f6nnen.<\/span><\/p>\n<p style=\"text-align: justify;\"><span style=\"font-family: Arial, Verdana, sans-serif;\"><br \/>\n<\/span><\/p>\n","protected":false},"excerpt":{"rendered":"<p>Das Licht am Arbeitsplatz dient der Sicherheit, der Erledigung der Arbeitsaufgabe und dem Wohlbefinden. Unterschiedliche Arbeitssituationen erfordern unterschiedliche Lichtl\u00f6sungen. Nahezu allen gemeinsam ist die Forderung nach ausreichendem Tageslicht. Hierbei ist die darauf zu achten, dass dies entsprechend den Arbeitsanforderungen beherrscht werden <a href=\"http:\/\/www.lichtundgesundheit.de\/cyberlux\/?p=154\"> Read more&#8230;<\/a><\/p>\n","protected":false},"author":1,"featured_media":0,"comment_status":"open","ping_status":"open","sticky":false,"template":"","format":"standard","meta":{"footnotes":""},"categories":[141],"tags":[98,107,113,118,119,120,217],"class_list":["post-154","post","type-post","status-publish","format-standard","hentry","category-1-einfuhrung-in-licht-und-arbeit","tag-arbeit","tag-ges","tag-licht","tag-normen","tag-sehaufgabe","tag-sicherheit","tag-daylight"],"_links":{"self":[{"href":"http:\/\/www.lichtundgesundheit.de\/cyberlux\/index.php?rest_route=\/wp\/v2\/posts\/154","targetHints":{"allow":["GET"]}}],"collection":[{"href":"http:\/\/www.lichtundgesundheit.de\/cyberlux\/index.php?rest_route=\/wp\/v2\/posts"}],"about":[{"href":"http:\/\/www.lichtundgesundheit.de\/cyberlux\/index.php?rest_route=\/wp\/v2\/types\/post"}],"author":[{"embeddable":true,"href":"http:\/\/www.lichtundgesundheit.de\/cyberlux\/index.php?rest_route=\/wp\/v2\/users\/1"}],"replies":[{"embeddable":true,"href":"http:\/\/www.lichtundgesundheit.de\/cyberlux\/index.php?rest_route=%2Fwp%2Fv2%2Fcomments&post=154"}],"version-history":[{"count":0,"href":"http:\/\/www.lichtundgesundheit.de\/cyberlux\/index.php?rest_route=\/wp\/v2\/posts\/154\/revisions"}],"wp:attachment":[{"href":"http:\/\/www.lichtundgesundheit.de\/cyberlux\/index.php?rest_route=%2Fwp%2Fv2%2Fmedia&parent=154"}],"wp:term":[{"taxonomy":"category","embeddable":true,"href":"http:\/\/www.lichtundgesundheit.de\/cyberlux\/index.php?rest_route=%2Fwp%2Fv2%2Fcategories&post=154"},{"taxonomy":"post_tag","embeddable":true,"href":"http:\/\/www.lichtundgesundheit.de\/cyberlux\/index.php?rest_route=%2Fwp%2Fv2%2Ftags&post=154"}],"curies":[{"name":"wp","href":"https:\/\/api.w.org\/{rel}","templated":true}]}}