{"id":137,"date":"2009-07-19T20:06:16","date_gmt":"2009-07-19T18:06:16","guid":{"rendered":"http:\/\/localhost:8888\/wordpress\/?p=137"},"modified":"2009-10-21T16:31:32","modified_gmt":"2009-10-21T14:31:32","slug":"cryptochrome-das-zweite-photoaktive-pigment-im-auge-und-seine-rolle-fur-die-circadiane-rhythmik","status":"publish","type":"post","link":"http:\/\/www.lichtundgesundheit.de\/cyberlux\/?p=137","title":{"rendered":"CRYPTOCHROME: Das zweite photoaktive Pigment im Auge und seine Rolle f\u00fcr die circadiane Rhythmik"},"content":{"rendered":"<p><span style=\"font-family: Arial, Helvetica, sans-serif;\">Der wichtigste Einfluss des Lichts auf den menschlichen K\u00f6rper ist die Steuerung der circadianen Rhythmik durch das Tageslicht. Circadiane Rhythmen sind mit einer Periodizit\u00e4t von etwa 24 Stunden (daher circa) auftretenden \u00c4nderungen in Organismen in biochemischen, physiologischen und verhaltensbezogenen Funktionen. Diese Rhythmen werden durch eine molekulare Uhr generiert, die durch die Lichteinwirkung mit dem Sonnentag synchronisiert werden. <\/span><\/p>\n<p><span style=\"font-family: Arial, Helvetica, sans-serif;\">Der Artikel von Dr. Sancar beschreibt Forschungsergebnisse, die mit der Entdeckung des f\u00fcr die circadiane Rhythmik verantwortlichen Photorezeptors im Auge im Jahre 2001 zusammen h\u00e4ngen.<\/span><\/p>\n<p><span style=\"font-family: Arial, Helvetica, sans-serif;\">Chryptochrome sind circadiane Photoempf\u00e4nger von S\u00e4ugetieren. Sie absorbieren Licht und geben ein elektromagnetisches Signal an die molekulare Uhr. Menschen und M\u00e4use haben zwei Cryptochromgene, CRY1 and CRY2, die sich in der Retina befinden. CRY1 ist eng mit dem f\u00fcr die Tagesperiodizit\u00e4t verantwortlichen suprachiasmatic nucleus (SCN) verbunden. Wie Versuche mit gentechnisch ver\u00e4nderten M\u00e4usen gezeigt haben, sind Cryptochrome Lichtempf\u00e4nger und zentrale Bestandteile der molekularen Uhr. Forschung \u00fcber Cryptochrome kann nach Meinung des Autors wertvolle Dienste f\u00fcr ein neues Verst\u00e4ndnis f\u00fcr Gesundheitsst\u00f6rungen des Menschen wie z.B. Winterdepression oder Schlafst\u00f6rungen leisten.<\/span><\/p>\n<p><span style=\"font-family: Arial, Helvetica, sans-serif;\">Der Beitrag ist in Englisch gefasst und wird mit Genehmigung des Autors zur Verf\u00fcgung gestellt.<br \/>\nWeitere Information \u00fcber andere Publikationen des Autors k\u00f6nnen unter folgender Adresse gefunden werden <a href=\"http:\/\/www.med.unc.edu\/wrkunits\/2depts\/biochem\/asancar.html\" target=\"_blank\">http:\/\/www.med.unc.edu\/wrkunits\/2depts\/biochem\/asancar.html<\/a>.<\/span><\/p>\n<p><span style=\"font-family: Arial, Helvetica, sans-serif;\">Beitrag im pdf-Format: <a href=\"http:\/\/www.lichtundgesundheit.de\/cyberlux\/wp-content\/uploads\/2009\/07\/SancarCC_large.pdf\">SancarCC_large<\/a>(3,7 MB)\u00a0<a href=\"http:\/\/www.lichtundgesundheit.de\/cyberlux\/wp-content\/uploads\/2009\/07\/SancarCC_smal.pdf\">SancarCC_smal<\/a> \/536 KB)<\/span><\/p>\n","protected":false},"excerpt":{"rendered":"<p>Der wichtigste Einfluss des Lichts auf den menschlichen K\u00f6rper ist die Steuerung der circadianen Rhythmik durch das Tageslicht. Circadiane Rhythmen sind mit einer Periodizit\u00e4t von etwa 24 Stunden (daher circa) auftretenden \u00c4nderungen in Organismen in biochemischen, physiologischen und verhaltensbezogenen Funktionen. Diese <a href=\"http:\/\/www.lichtundgesundheit.de\/cyberlux\/?p=137\"> Read more&#8230;<\/a><\/p>\n","protected":false},"author":1,"featured_media":0,"comment_status":"open","ping_status":"open","sticky":false,"template":"","format":"standard","meta":{"footnotes":""},"categories":[130,65,139],"tags":[107,113,217],"class_list":["post-137","post","type-post","status-publish","format-standard","hentry","category-biologische-wirkungen","category-crypto","category-medizinische-aspekte","tag-ges","tag-licht","tag-daylight"],"_links":{"self":[{"href":"http:\/\/www.lichtundgesundheit.de\/cyberlux\/index.php?rest_route=\/wp\/v2\/posts\/137","targetHints":{"allow":["GET"]}}],"collection":[{"href":"http:\/\/www.lichtundgesundheit.de\/cyberlux\/index.php?rest_route=\/wp\/v2\/posts"}],"about":[{"href":"http:\/\/www.lichtundgesundheit.de\/cyberlux\/index.php?rest_route=\/wp\/v2\/types\/post"}],"author":[{"embeddable":true,"href":"http:\/\/www.lichtundgesundheit.de\/cyberlux\/index.php?rest_route=\/wp\/v2\/users\/1"}],"replies":[{"embeddable":true,"href":"http:\/\/www.lichtundgesundheit.de\/cyberlux\/index.php?rest_route=%2Fwp%2Fv2%2Fcomments&post=137"}],"version-history":[{"count":2,"href":"http:\/\/www.lichtundgesundheit.de\/cyberlux\/index.php?rest_route=\/wp\/v2\/posts\/137\/revisions"}],"predecessor-version":[{"id":811,"href":"http:\/\/www.lichtundgesundheit.de\/cyberlux\/index.php?rest_route=\/wp\/v2\/posts\/137\/revisions\/811"}],"wp:attachment":[{"href":"http:\/\/www.lichtundgesundheit.de\/cyberlux\/index.php?rest_route=%2Fwp%2Fv2%2Fmedia&parent=137"}],"wp:term":[{"taxonomy":"category","embeddable":true,"href":"http:\/\/www.lichtundgesundheit.de\/cyberlux\/index.php?rest_route=%2Fwp%2Fv2%2Fcategories&post=137"},{"taxonomy":"post_tag","embeddable":true,"href":"http:\/\/www.lichtundgesundheit.de\/cyberlux\/index.php?rest_route=%2Fwp%2Fv2%2Ftags&post=137"}],"curies":[{"name":"wp","href":"https:\/\/api.w.org\/{rel}","templated":true}]}}