{"id":130,"date":"2009-07-19T18:02:10","date_gmt":"2009-07-19T16:02:10","guid":{"rendered":"http:\/\/localhost:8888\/wordpress\/?p=130"},"modified":"2009-07-19T18:02:10","modified_gmt":"2009-07-19T16:02:10","slug":"medizinische-aspekte-der-beleuchtung","status":"publish","type":"post","link":"http:\/\/www.lichtundgesundheit.de\/cyberlux\/?p=130","title":{"rendered":"Medizinische Aspekte der Beleuchtung"},"content":{"rendered":"<p><span style=\"font-family: Arial, Helvetica, sans-serif;\">Die Evolution des menschlichen      Lebens hat nach dem Glauben in der Wissenschaft unter der Sonne afrikanischer      Steppen stattgefunden, wo der Wechselrhythmus von Tag und Nacht etwa 12 Stunden      \u00fcber das ganze Jahr betr\u00e4gt. Auch nachdem die Menschen nordw\u00e4rts ausgewandert      sind und vor etwa 10.000 Jahren auf dem Gebiet der heutigen T\u00fcrkei die ersten      konzentrierten Siedlungen wie D\u00f6rfer und St\u00e4dte gebaut haben, blieb ihr Leben      von der Sonne gesteuert. Mit einigen \u00c4nderungen, z.B. waren jetzt die Jahreszeiten      unterschiedlicher als vorher. Die Menschen hatten ihr fr\u00fcheres Leben als J\u00e4ger      und Sammler hinter sich gelassen und fingen an, nunmehr Agrarkulturen zu entwickeln.<br \/>\n<\/span><\/p>\n<p><span style=\"font-family: Arial, Helvetica, sans-serif;\">Bis zur Erfindung des Eisenbahntransports      und der Nutzung von Kohle als Energietr\u00e4ger blieb die Sonne die haupts\u00e4chliche      Licht- und Energiequelle. Auch die &#8222;gro\u00dfen&#8220; St\u00e4dte der Antike und deren H\u00e4user      wurden f\u00fcr eine optimale Nutzung der Sonnenenergie entworfen. Beispielsweise      das antike Priene gilt heute noch als Beispiel f\u00fcr eine moderne Solararchitektur.      In manchen Umgebungen spielte ein zweiter Aspekt, das Vermeiden negativer      Wirkungen des Sonnenlichts, eine wichtige und keineswegs zweitrangige Rolle.      In manchen Gebieten der Erde ordnet sich die gesamte Architektur diesem Ziel      unter.<br \/>\n<\/span><\/p>\n<p><span style=\"font-family: Arial, Helvetica, sans-serif;\">Die Gr\u00f6\u00dfe der St\u00e4dte wurde begrenzt      durch den sog. Holzsammelkreis, was bedeutet, dass Wohngebiete nicht gr\u00f6\u00dfer      wachsen konnten, wenn das Sammeln und Einbringen von Holz mehr Energie verschlang      als es einbrachte. Sogar Athen war klein an heutigen D\u00f6rfern und St\u00e4dten gemessen.<br \/>\n<\/span><\/p>\n<p><span style=\"font-family: Arial, Helvetica, sans-serif;\">Diese Situation \u00e4nderte sich unmittelbar,      als es gelang, Kohle zu f\u00f6rdern und sie an die menschlichen Siedlungen zu      bef\u00f6rdern. Enge Stra\u00dfen mit zu hohen Geb\u00e4uden, Staub und Rauch in der Luft      und sonstige Immissionen waren eine der einschneidendsten Folgen dieser Entwicklung,      die sich zu Beginn der Industriellen Revolution abspielte. Bis dahin brauchten      nur wenige Menschen \u00fcberhaupt einen Gedanken an Licht und Beleuchtung zu verschwenden.      Der Vorabend der Industriellen Revolution war begleitet durch manche mysteri\u00f6se      Krankheit wie Rachitis, deren Hintergrund ein polnischer Arzt schon zu Beginn      des 19. Jahrhunderts als &#8222;Krankheit der Finsternis&#8220; erkannt hatte. Die Beziehung      zwischen Vitamin D und Tageslicht sowie zwischen dem Vitamin D Mangel und      Rachitis musste fast ein Jahrhundert untersucht werden, bis alle \u00fcberzeugt      waren, dass der Effekt durch ultraviolette Strahlung hervorgerufen wird. (Anm.:      In vielen Ver\u00f6ffentlichungen findet sich der Name &#8222;Licht&#8220; f\u00fcr diese Art der      Strahlung. Ebenso wird infrarote Strahlung als Licht bezeichnet. H\u00e4ufig wird      auch nicht zwischen &#8222;Sonnenlicht&#8220; und &#8222;Sonnenstrahlung&#8220; unterschieden. Der      korrekte Gebrauch ist gegeben, wenn die sichtbare Strahlung der Sonne als      &#8222;Sonnenlicht&#8220; bezeichnet wird. Die Gesamtheit der Solarstrahlung umfasst auch      die unsichtbaren Wellenl\u00e4ngen.) Im Jahre 1903 hat Niels Finsen, der Vater      der modernen wissenschaftlichen Phototherapie, den Nobelpreis f\u00fcr Medizin      f\u00fcr seine &#8222;Finsen Lichttherapie&#8220; verliehen bekommen, mit der Infektionskrankheiten      bek\u00e4mpft werden konnten, insbesondere lupus vulgaris. Finsen hat nicht zwischen      Licht und Strahlung unterschieden. Er hat immer die Sonne angebetet, weil      er behauptete, sie sei f\u00fcr ihn lebenswichtig. Niels Finsen kam aus Island,      eine Insel auf einem Breitengrad wie andere L\u00e4nder, bei denen sich heute eine      neue Qualit\u00e4t der Lebensumst\u00e4nde bemerkbar macht: Die Winterdepression oder      SAD. Diese Form der Depression war schon 400 Jahre vor Christi Geburt bekannt,      Licht als Ursache wurde aber erst in unserer Zeit, 1984, erkannt und nachgewiesen.<br \/>\n<\/span><\/p>\n<p><span style=\"font-family: Arial, Helvetica, sans-serif;\">In den 1930ern und 1940ern hat      die Medizin das Sonnenbaden f\u00fcr Kinder als gesund empfohlen. W\u00e4hrend die Sonnenanbeter      in vielen europ\u00e4ischen St\u00e4dten l\u00e4ngst vergessene Kultelemente hervorholten,      &#8211; so war z.B. der Sonntag der Tag der Anbetung der Sonne und deren Gottes      Apollo, der wiederum Vater des Gottes der Medizin, Aesculapius, war &#8211; hat      die Industrie wirksame Techniken f\u00fcr die k\u00fcnstliche Beleuchtung von Arbeitsst\u00e4tten      und Wohnh\u00e4usern entwickelt.<br \/>\n<\/span><\/p>\n<p><span style=\"font-family: Arial, Helvetica, sans-serif;\">Es war allerdings nicht die Gl\u00fchlampe      von Edison, die das heilige Licht der Sonne aus unserer k\u00fcnstlichen Umwelt      vertrieben hat, sondern die Leuchtstofflampe &#8211; &#8222;Neonlampe&#8220; -, die unsere gesamte      Beziehung zu Licht und erbauter Umwelt ver\u00e4ndert hat. Diese Lampe war schon      vor dem II. Weltkrieg entwickelt worden, sie wurde aber erst nach 1955 auf      breiter Front eingesetzt. Bis dahin mussten Arbeitsst\u00e4tten unter Ber\u00fccksichtigung      nat\u00fcrlicher Beleuchtung geplant und erbaut werden. Das Gleiche gilt f\u00fcr Wohnh\u00e4user,      sofern Menschen in der Lage gewesen sind, die Qualit\u00e4t ihrer Umgebung ausw\u00e4hlen      zu d\u00fcrfen. W\u00e4hrend es den Benutzern weitgehend gelang, Leuchtstofflampen aus      Wohnungen, Bars oder den meisten Restaurants herauszuhalten, haben die wirtschaftlichen      Vorteile dieser Lampe ihr einen nie dagewesenen Triumph in der Arbeitswelt      erm\u00f6glicht, vergleichbar mit dem des Computers.<\/span><\/p>\n<p><span style=\"font-family: Arial, Helvetica, sans-serif;\">Nun wird auf gesetzlichem Wege versucht, die Gl\u00fchlampe aus Europa zu verdr\u00e4ngen. Die EU hat ein sog. &#8222;<a title=\"Aus der Fassung\" href=\"http:\/\/www.tagesspiegel.de\/wirtschaft\/Verbraucher-Gluehbirnen-Leserdebatte;art131,2834872\" target=\"_blank\">Gl\u00fchlampenverbot<\/a>&#8220; erlassen mit der Ma\u00dfgabe, dass diese Lampe schrittweise aus dem Markt verschwindet. Der Grund ist die angeblich mangelnde Energieeffizienz. Tats\u00e4chlich erzeugt die Lampe neben etwas Licht sehr viel Infrarot. So gesehen ist die Energieeffizienz tats\u00e4chlich gering, allerdings nur dann, wenn man Licht so definiert wie in der Lichttechnik. Ein Mediziner wird aber nie auf die Idee kommen, nach dieser Definition zu verfahren. F\u00fcr ihn ist Licht auch was sonst Infrarot und UV hei\u00dft. Die benutzt er sogar als Heilmittel. <\/span><\/p>\n<p><span style=\"font-family: Arial, Helvetica, sans-serif;\">Nun wollen auch Ingenieure die Beleuchtung als eine Art Heilmittel einsetzen. Weltweit sind gro\u00dfe Bem\u00fchungen im Gange, solche Wirkungen nachzuweisen, um aus der Beleuchtung f\u00fcr das Sehen eine f\u00fcr gesundes Leben zu realisieren. <\/span><\/p>\n<p style=\"text-align: center;\"><span style=\"font-family: Arial, Helvetica, sans-serif;\">Ahmet Cakir<br \/>\n<\/span><\/p>\n<p><span style=\"font-family: Arial, Helvetica, sans-serif;\"><br \/>\n<\/span><\/p>\n","protected":false},"excerpt":{"rendered":"<p>Die Evolution des menschlichen Lebens hat nach dem Glauben in der Wissenschaft unter der Sonne afrikanischer Steppen stattgefunden, wo der Wechselrhythmus von Tag und Nacht etwa 12 Stunden \u00fcber das ganze Jahr betr\u00e4gt. Auch nachdem die Menschen nordw\u00e4rts ausgewandert sind und <a href=\"http:\/\/www.lichtundgesundheit.de\/cyberlux\/?p=130\"> Read more&#8230;<\/a><\/p>\n","protected":false},"author":1,"featured_media":0,"comment_status":"open","ping_status":"open","sticky":false,"template":"","format":"standard","meta":{"footnotes":""},"categories":[138,139],"tags":[98,100,113,114,217,124],"class_list":["post-130","post","type-post","status-publish","format-standard","hentry","category-1-einfuhrung-medizinische-aspekte","category-medizinische-aspekte","tag-arbeit","tag-architektur","tag-licht","tag-lichttherapie","tag-daylight","tag-uv"],"_links":{"self":[{"href":"http:\/\/www.lichtundgesundheit.de\/cyberlux\/index.php?rest_route=\/wp\/v2\/posts\/130","targetHints":{"allow":["GET"]}}],"collection":[{"href":"http:\/\/www.lichtundgesundheit.de\/cyberlux\/index.php?rest_route=\/wp\/v2\/posts"}],"about":[{"href":"http:\/\/www.lichtundgesundheit.de\/cyberlux\/index.php?rest_route=\/wp\/v2\/types\/post"}],"author":[{"embeddable":true,"href":"http:\/\/www.lichtundgesundheit.de\/cyberlux\/index.php?rest_route=\/wp\/v2\/users\/1"}],"replies":[{"embeddable":true,"href":"http:\/\/www.lichtundgesundheit.de\/cyberlux\/index.php?rest_route=%2Fwp%2Fv2%2Fcomments&post=130"}],"version-history":[{"count":0,"href":"http:\/\/www.lichtundgesundheit.de\/cyberlux\/index.php?rest_route=\/wp\/v2\/posts\/130\/revisions"}],"wp:attachment":[{"href":"http:\/\/www.lichtundgesundheit.de\/cyberlux\/index.php?rest_route=%2Fwp%2Fv2%2Fmedia&parent=130"}],"wp:term":[{"taxonomy":"category","embeddable":true,"href":"http:\/\/www.lichtundgesundheit.de\/cyberlux\/index.php?rest_route=%2Fwp%2Fv2%2Fcategories&post=130"},{"taxonomy":"post_tag","embeddable":true,"href":"http:\/\/www.lichtundgesundheit.de\/cyberlux\/index.php?rest_route=%2Fwp%2Fv2%2Ftags&post=130"}],"curies":[{"name":"wp","href":"https:\/\/api.w.org\/{rel}","templated":true}]}}