{"id":1089,"date":"2013-03-15T01:09:33","date_gmt":"2013-03-14T23:09:33","guid":{"rendered":"http:\/\/www.lichtundgesundheit.de\/cyberlux\/?p=1089"},"modified":"2020-11-28T13:12:16","modified_gmt":"2020-11-28T11:12:16","slug":"qualitat-und-quantitat-der-tageslichtbeleuchtung-in-gebauden","status":"publish","type":"post","link":"http:\/\/www.lichtundgesundheit.de\/cyberlux\/?p=1089","title":{"rendered":"Qualit\u00e4t und Quantit\u00e4t der Tageslichtbeleuchtung in Geb\u00e4uden"},"content":{"rendered":"<p>Die Tageslichtbeleuchtung in Geb\u00e4uden, so alt wie Geb\u00e4ude selbst, in der deutschen Gesetzgebung seit 2004 als solche erkannt, muss gestaltet werden, so wie die Geb\u00e4ude selbst. FITLICHT will bei dieser Konferenz zwei Themenfelder behandeln:<\/p>\n<p><em>1. Wieviel Tageslicht welcher Qualit\u00e4t brauchen wir in Geb\u00e4uden im Hinblick auf visuelle Wahrnehmung, Wohlbefinden und Gesundheit der Nutzer?<br \/>\n2. Welche innovativen L\u00f6sungen der Tageslichtbeleuchtung bieten Architektur und Bauelemente, um neue Anforderungen zu erfu?llen, zu denen auch Energieeffizienz und Sonnenschutz geh\u00f6ren?<\/em><\/p>\n<p>Die Konferenz findet am 21. Mai 2013 in Stuttgart statt.<\/p>\n<p><a href=\"http:\/\/www.lichtundgesundheit.de\/cyberlux\/wp-content\/uploads\/2013\/03\/flyerFitlichtKonferenz_21.05-1.png\"><img loading=\"lazy\" decoding=\"async\" class=\"aligncenter size-full wp-image-1093\" title=\"flyerFitlichtKonferenz_21.05-1\" src=\"http:\/\/www.lichtundgesundheit.de\/cyberlux\/wp-content\/uploads\/2013\/03\/flyerFitlichtKonferenz_21.05-1.png\" alt=\"flyerFitlichtKonferenz_21.05-1\" width=\"600\" height=\"394\" srcset=\"http:\/\/www.lichtundgesundheit.de\/cyberlux\/wp-content\/uploads\/2013\/03\/flyerFitlichtKonferenz_21.05-1.png 600w, http:\/\/www.lichtundgesundheit.de\/cyberlux\/wp-content\/uploads\/2013\/03\/flyerFitlichtKonferenz_21.05-1-300x197.png 300w\" sizes=\"auto, (max-width: 600px) 100vw, 600px\" \/><\/a><a href=\"http:\/\/www.lichtundgesundheit.de\/cyberlux\/wp-content\/uploads\/2013\/03\/flyerFitlichtKonferenz_21.05-2.png\"><img loading=\"lazy\" decoding=\"async\" class=\"aligncenter size-full wp-image-1092\" title=\"flyerFitlichtKonferenz_21.05-2\" src=\"http:\/\/www.lichtundgesundheit.de\/cyberlux\/wp-content\/uploads\/2013\/03\/flyerFitlichtKonferenz_21.05-2.png\" alt=\"flyerFitlichtKonferenz_21.05-2\" width=\"600\" height=\"373\" srcset=\"http:\/\/www.lichtundgesundheit.de\/cyberlux\/wp-content\/uploads\/2013\/03\/flyerFitlichtKonferenz_21.05-2.png 600w, http:\/\/www.lichtundgesundheit.de\/cyberlux\/wp-content\/uploads\/2013\/03\/flyerFitlichtKonferenz_21.05-2-300x186.png 300w\" sizes=\"auto, (max-width: 600px) 100vw, 600px\" \/><\/a><a href=\"http:\/\/www.lichtundgesundheit.de\/cyberlux\/wp-content\/uploads\/2013\/03\/flyerFitlichtKonferenz_21.05-3.png\"><img loading=\"lazy\" decoding=\"async\" class=\"aligncenter size-full wp-image-1091\" title=\"flyerFitlichtKonferenz_21.05-3\" src=\"http:\/\/www.lichtundgesundheit.de\/cyberlux\/wp-content\/uploads\/2013\/03\/flyerFitlichtKonferenz_21.05-3.png\" alt=\"flyerFitlichtKonferenz_21.05-3\" width=\"600\" height=\"370\" srcset=\"http:\/\/www.lichtundgesundheit.de\/cyberlux\/wp-content\/uploads\/2013\/03\/flyerFitlichtKonferenz_21.05-3.png 600w, http:\/\/www.lichtundgesundheit.de\/cyberlux\/wp-content\/uploads\/2013\/03\/flyerFitlichtKonferenz_21.05-3-300x185.png 300w\" sizes=\"auto, (max-width: 600px) 100vw, 600px\" \/><\/a><a href=\"http:\/\/www.lichtundgesundheit.de\/cyberlux\/wp-content\/uploads\/2013\/03\/flyerFitlichtKonferenz_21.05-4.png\"><img loading=\"lazy\" decoding=\"async\" class=\"aligncenter size-full wp-image-1090\" title=\"flyerFitlichtKonferenz_21.05-4\" src=\"http:\/\/www.lichtundgesundheit.de\/cyberlux\/wp-content\/uploads\/2013\/03\/flyerFitlichtKonferenz_21.05-4.png\" alt=\"flyerFitlichtKonferenz_21.05-4\" width=\"600\" height=\"382\" srcset=\"http:\/\/www.lichtundgesundheit.de\/cyberlux\/wp-content\/uploads\/2013\/03\/flyerFitlichtKonferenz_21.05-4.png 600w, http:\/\/www.lichtundgesundheit.de\/cyberlux\/wp-content\/uploads\/2013\/03\/flyerFitlichtKonferenz_21.05-4-300x191.png 300w\" sizes=\"auto, (max-width: 600px) 100vw, 600px\" \/><\/a><\/p>\n","protected":false},"excerpt":{"rendered":"<p>Die Tageslichtbeleuchtung in Geb\u00e4uden, so alt wie Geb\u00e4ude selbst, in der deutschen Gesetzgebung seit 2004 als solche erkannt, muss gestaltet werden, so wie die Geb\u00e4ude selbst. FITLICHT will bei dieser Konferenz zwei Themenfelder behandeln: 1. Wieviel Tageslicht welcher Qualit\u00e4t brauchen wir <a href=\"http:\/\/www.lichtundgesundheit.de\/cyberlux\/?p=1089\"> Read more&#8230;<\/a><\/p>\n","protected":false},"author":3,"featured_media":0,"comment_status":"open","ping_status":"open","sticky":false,"template":"","format":"standard","meta":{"footnotes":""},"categories":[1,149,8,154,32],"tags":[],"class_list":["post-1089","post","type-post","status-publish","format-standard","hentry","category-allgemein","category-bewertung-von-sonnenschutzeinrichtungen","category-lundg","category-stellenwert-des-tageslichts","category-tageslicht-und-ergonomie"],"_links":{"self":[{"href":"http:\/\/www.lichtundgesundheit.de\/cyberlux\/index.php?rest_route=\/wp\/v2\/posts\/1089","targetHints":{"allow":["GET"]}}],"collection":[{"href":"http:\/\/www.lichtundgesundheit.de\/cyberlux\/index.php?rest_route=\/wp\/v2\/posts"}],"about":[{"href":"http:\/\/www.lichtundgesundheit.de\/cyberlux\/index.php?rest_route=\/wp\/v2\/types\/post"}],"author":[{"embeddable":true,"href":"http:\/\/www.lichtundgesundheit.de\/cyberlux\/index.php?rest_route=\/wp\/v2\/users\/3"}],"replies":[{"embeddable":true,"href":"http:\/\/www.lichtundgesundheit.de\/cyberlux\/index.php?rest_route=%2Fwp%2Fv2%2Fcomments&post=1089"}],"version-history":[{"count":2,"href":"http:\/\/www.lichtundgesundheit.de\/cyberlux\/index.php?rest_route=\/wp\/v2\/posts\/1089\/revisions"}],"predecessor-version":[{"id":1095,"href":"http:\/\/www.lichtundgesundheit.de\/cyberlux\/index.php?rest_route=\/wp\/v2\/posts\/1089\/revisions\/1095"}],"wp:attachment":[{"href":"http:\/\/www.lichtundgesundheit.de\/cyberlux\/index.php?rest_route=%2Fwp%2Fv2%2Fmedia&parent=1089"}],"wp:term":[{"taxonomy":"category","embeddable":true,"href":"http:\/\/www.lichtundgesundheit.de\/cyberlux\/index.php?rest_route=%2Fwp%2Fv2%2Fcategories&post=1089"},{"taxonomy":"post_tag","embeddable":true,"href":"http:\/\/www.lichtundgesundheit.de\/cyberlux\/index.php?rest_route=%2Fwp%2Fv2%2Ftags&post=1089"}],"curies":[{"name":"wp","href":"https:\/\/api.w.org\/{rel}","templated":true}]}}