{"id":1078,"date":"2012-05-18T20:54:06","date_gmt":"2012-05-18T18:54:06","guid":{"rendered":"http:\/\/www.lichtundgesundheit.de\/cyberlux\/?p=1078"},"modified":"2012-05-21T12:08:54","modified_gmt":"2012-05-21T10:08:54","slug":"kinostart-bulb-fiction","status":"publish","type":"post","link":"http:\/\/www.lichtundgesundheit.de\/cyberlux\/?p=1078","title":{"rendered":"Kinostart Bulb Fiction"},"content":{"rendered":"<p>F\u00fcr alle, die sich an der Diskussion um die Energiesparlampe und den Gl\u00fchlampenverbot interessiert sind, gibt es ab 31. Mai 2012 ein aufschlussreiches Angebot: Einen Dokumentarfilm von Christoph Mayr. Der Film setzt sich auseinander mit den Vorg\u00e4ngen, die zum Gl\u00fchlampenverbot gef\u00fchrt haben.<\/p>\n<p><a href=\"http:\/\/www.lichtundgesundheit.de\/cyberlux\/wp-content\/uploads\/2012\/05\/Bulb_Fiction.jpg\"><img loading=\"lazy\" decoding=\"async\" class=\"aligncenter size-full wp-image-1079\" title=\"Bulb_Fiction\" src=\"http:\/\/www.lichtundgesundheit.de\/cyberlux\/wp-content\/uploads\/2012\/05\/Bulb_Fiction.jpg\" alt=\"Bulb_Fiction\" width=\"560\" height=\"180\" srcset=\"http:\/\/www.lichtundgesundheit.de\/cyberlux\/wp-content\/uploads\/2012\/05\/Bulb_Fiction.jpg 560w, http:\/\/www.lichtundgesundheit.de\/cyberlux\/wp-content\/uploads\/2012\/05\/Bulb_Fiction-300x96.jpg 300w\" sizes=\"auto, (max-width: 560px) 100vw, 560px\" \/><\/a><\/p>\n<p>Detaillierte Informationen zu dem Film\u00a0 sind unter http:\/\/www.farbfilm-verleih.de\/filme\/bulb_fiction.html zu finden. Weitere Informationen um das Thema sind auf der Website www.bulbfiction-derfilm.de abrufbar.<\/p>\n<p>Die Studie des ERGONOMIC Institutes zur Umweltfreundlichkeit von Energiesparlampen ist hier abrufbar. Sie gibt den Stand von Mai 2010 wieder.<\/p>\n<p><a href=\"http:\/\/www.lichtundgesundheit.de\/cyberlux\/wp-content\/uploads\/2012\/05\/energiesparlampen_und_oekologie.pdf\">energiesparlampen_und_oekologie<\/a><\/p>\n","protected":false},"excerpt":{"rendered":"<p>F\u00fcr alle, die sich an der Diskussion um die Energiesparlampe und den Gl\u00fchlampenverbot interessiert sind, gibt es ab 31. Mai 2012 ein aufschlussreiches Angebot: Einen Dokumentarfilm von Christoph Mayr. Der Film setzt sich auseinander mit den Vorg\u00e4ngen, die zum Gl\u00fchlampenverbot gef\u00fchrt <a href=\"http:\/\/www.lichtundgesundheit.de\/cyberlux\/?p=1078\"> Read more&#8230;<\/a><\/p>\n","protected":false},"author":1,"featured_media":0,"comment_status":"open","ping_status":"open","sticky":false,"template":"","format":"standard","meta":{"footnotes":""},"categories":[207,208,158,173,127,9],"tags":[],"class_list":["post-1078","post","type-post","status-publish","format-standard","hentry","category-co2-environment","category-effizienz","category-gesetzliche-anforderungen","category-lampenmull","category-lampenspektrum-und-gesundheit","category-environment"],"_links":{"self":[{"href":"http:\/\/www.lichtundgesundheit.de\/cyberlux\/index.php?rest_route=\/wp\/v2\/posts\/1078","targetHints":{"allow":["GET"]}}],"collection":[{"href":"http:\/\/www.lichtundgesundheit.de\/cyberlux\/index.php?rest_route=\/wp\/v2\/posts"}],"about":[{"href":"http:\/\/www.lichtundgesundheit.de\/cyberlux\/index.php?rest_route=\/wp\/v2\/types\/post"}],"author":[{"embeddable":true,"href":"http:\/\/www.lichtundgesundheit.de\/cyberlux\/index.php?rest_route=\/wp\/v2\/users\/1"}],"replies":[{"embeddable":true,"href":"http:\/\/www.lichtundgesundheit.de\/cyberlux\/index.php?rest_route=%2Fwp%2Fv2%2Fcomments&post=1078"}],"version-history":[{"count":4,"href":"http:\/\/www.lichtundgesundheit.de\/cyberlux\/index.php?rest_route=\/wp\/v2\/posts\/1078\/revisions"}],"predecessor-version":[{"id":1084,"href":"http:\/\/www.lichtundgesundheit.de\/cyberlux\/index.php?rest_route=\/wp\/v2\/posts\/1078\/revisions\/1084"}],"wp:attachment":[{"href":"http:\/\/www.lichtundgesundheit.de\/cyberlux\/index.php?rest_route=%2Fwp%2Fv2%2Fmedia&parent=1078"}],"wp:term":[{"taxonomy":"category","embeddable":true,"href":"http:\/\/www.lichtundgesundheit.de\/cyberlux\/index.php?rest_route=%2Fwp%2Fv2%2Fcategories&post=1078"},{"taxonomy":"post_tag","embeddable":true,"href":"http:\/\/www.lichtundgesundheit.de\/cyberlux\/index.php?rest_route=%2Fwp%2Fv2%2Ftags&post=1078"}],"curies":[{"name":"wp","href":"https:\/\/api.w.org\/{rel}","templated":true}]}}