{"id":1076,"date":"2012-05-05T13:21:15","date_gmt":"2012-05-05T11:21:15","guid":{"rendered":"http:\/\/www.lichtundgesundheit.de\/cyberlux\/?p=1076"},"modified":"2012-05-05T13:21:15","modified_gmt":"2012-05-05T11:21:15","slug":"wie-wichtig-ist-licht-fur-die-medien","status":"publish","type":"post","link":"http:\/\/www.lichtundgesundheit.de\/cyberlux\/?p=1076","title":{"rendered":"Wie wichtig ist Licht f\u00fcr die Medien?"},"content":{"rendered":"<p>Der Bedeutung des Lichts steht das \u00f6ffentliche Interesse, z.B. von Seiten des Staats, diametral gegen\u00fcber. W\u00e4hrend man dabei ist, nachzuweisen, dass f\u00fcr Menschen ein Leben ohne Licht nicht m\u00f6glich ist, wird man beim Staat kaum Geld f\u00fcr dessen Forschung bekommen. Vielleicht ist dieser so schlau, dass er wei\u00df, dass man einen solchen Beweis nicht ben\u00f6tigt. Bereits in uralten M\u00e4rchen und Sagen foltert man mit Lichtentzug und l\u00e4sst unliebsame Zeitgenossen in dunklen Verliesen verrotten. Unsere Arbeitsst\u00e4tten gleichen zwar nicht dunklen Verliesen, trotzdem ist der Staat nicht geneigt, nachforschen zu lassen, wie viel Licht der Mensch wirklich ben\u00f6tigt.<\/p>\n<p>In den letzten Jahren haben die Medien jede Menge an Beitr\u00e4gen zu Energieeffizienz von Geb\u00e4uden ver\u00f6ffentlicht und der Staat hat sich die Normung hierf\u00fcr was kosten lassen. Indes, Berichte \u00fcber das Fernhalten lebenswichtiger Strahlung aus Innenr\u00e4umen wird man nur vereinzelt, und auch nur in der Fachliteratur finden. Wenn es denn eines Nachweises bedurft h\u00e4tte, dass sich auch die Medien kaum mit Licht besch\u00e4ftigen &#8211; \u00fcbrigens ohne Licht k\u00f6nnten sie gar nicht ihre Filme drehen oder Zeitungen drucken -, dann liefert licht.de indirekt den Nachweis: Unter http:\/\/www.licht.de\/de\/info-und-service\/linktipps\/linktipps-zeitschriften\/ sind gerade mal 19 Publikationen angef\u00fchrt, die sich (teilweise) mit Licht besch\u00e4ftigen. Ein Blick auf die angegebene Seite lohnt sich, sei es man sucht eine Schwimmlampe f\u00fcr den Gartenteich.<\/p>\n","protected":false},"excerpt":{"rendered":"<p>Der Bedeutung des Lichts steht das \u00f6ffentliche Interesse, z.B. von Seiten des Staats, diametral gegen\u00fcber. W\u00e4hrend man dabei ist, nachzuweisen, dass f\u00fcr Menschen ein Leben ohne Licht nicht m\u00f6glich ist, wird man beim Staat kaum Geld f\u00fcr dessen Forschung bekommen. Vielleicht <a href=\"http:\/\/www.lichtundgesundheit.de\/cyberlux\/?p=1076\"> Read more&#8230;<\/a><\/p>\n","protected":false},"author":1,"featured_media":0,"comment_status":"open","ping_status":"open","sticky":false,"template":"","format":"standard","meta":{"footnotes":""},"categories":[1],"tags":[],"class_list":["post-1076","post","type-post","status-publish","format-standard","hentry","category-allgemein"],"_links":{"self":[{"href":"http:\/\/www.lichtundgesundheit.de\/cyberlux\/index.php?rest_route=\/wp\/v2\/posts\/1076","targetHints":{"allow":["GET"]}}],"collection":[{"href":"http:\/\/www.lichtundgesundheit.de\/cyberlux\/index.php?rest_route=\/wp\/v2\/posts"}],"about":[{"href":"http:\/\/www.lichtundgesundheit.de\/cyberlux\/index.php?rest_route=\/wp\/v2\/types\/post"}],"author":[{"embeddable":true,"href":"http:\/\/www.lichtundgesundheit.de\/cyberlux\/index.php?rest_route=\/wp\/v2\/users\/1"}],"replies":[{"embeddable":true,"href":"http:\/\/www.lichtundgesundheit.de\/cyberlux\/index.php?rest_route=%2Fwp%2Fv2%2Fcomments&post=1076"}],"version-history":[{"count":1,"href":"http:\/\/www.lichtundgesundheit.de\/cyberlux\/index.php?rest_route=\/wp\/v2\/posts\/1076\/revisions"}],"predecessor-version":[{"id":1077,"href":"http:\/\/www.lichtundgesundheit.de\/cyberlux\/index.php?rest_route=\/wp\/v2\/posts\/1076\/revisions\/1077"}],"wp:attachment":[{"href":"http:\/\/www.lichtundgesundheit.de\/cyberlux\/index.php?rest_route=%2Fwp%2Fv2%2Fmedia&parent=1076"}],"wp:term":[{"taxonomy":"category","embeddable":true,"href":"http:\/\/www.lichtundgesundheit.de\/cyberlux\/index.php?rest_route=%2Fwp%2Fv2%2Fcategories&post=1076"},{"taxonomy":"post_tag","embeddable":true,"href":"http:\/\/www.lichtundgesundheit.de\/cyberlux\/index.php?rest_route=%2Fwp%2Fv2%2Ftags&post=1076"}],"curies":[{"name":"wp","href":"https:\/\/api.w.org\/{rel}","templated":true}]}}